{"id":614713,"date":"2024-04-02T00:07:50","date_gmt":"2024-04-02T06:07:50","guid":{"rendered":"https:\/\/www.diarioimagen.net\/?p=614713"},"modified":"2024-04-03T01:12:00","modified_gmt":"2024-04-03T07:12:00","slug":"lazan-libro-distopia-historias-de-vida-de-una-ciudad-joven","status":"publish","type":"post","link":"https:\/\/www.diarioimagen.net\/?p=614713","title":{"rendered":"Lazan libro \u201cDistop\u00eda. Historias de vida de una ciudad joven\u201d"},"content":{"rendered":"<p>&nbsp;<\/p>\n<ul>\n<li><em><strong>Publicado por el FOEM<\/strong><\/em><\/li>\n<\/ul>\n<p>&nbsp;<\/p>\n<div id=\"attachment_614760\" style=\"width: 430px\" class=\"wp-caption aligncenter\"><a href=\"https:\/\/www.diarioimagen.net\/?attachment_id=614760\" rel=\"attachment wp-att-614760\"><img loading=\"lazy\" decoding=\"async\" aria-describedby=\"caption-attachment-614760\" class=\"wp-image-614760\" src=\"https:\/\/www.diarioimagen.net\/wp-content\/uploads\/2024\/04\/lanzan-libro.jpg\" alt=\"\" width=\"420\" height=\"499\" \/><\/a><p id=\"caption-attachment-614760\" class=\"wp-caption-text\">Presentan el libro \u201cDistop\u00eda. Historias de vida de una ciudad joven\u201d, de Susana Marquina Duque.<\/p><\/div>\n<p>&nbsp;<\/p>\n<p><strong>La Paz, Estado de M\u00e9xico.\u2014<\/strong> El Fondo Editorial Estado de M\u00e9xico (FOEM) public\u00f3 el libro \u201cDistop\u00eda. Historias de vida de una ciudad joven\u201d de Susana Marquina Duque, en 2023; \u00e9ste se ha presentado en grandes escenarios, como las ferias internacionales de Guadalajara, del Libro en el Palacio de Miner\u00eda, y en el Estado de M\u00e9xico. Adem\u00e1s, ha sido punto de reuni\u00f3n para j\u00f3venes, en c\u00edrculos de lectura en diferentes comunidades mexiquenses.<\/p>\n<p>Marquina Duque, profesora de Educaci\u00f3n para personas j\u00f3venes y adultas, ha sido investigadora social, lo que le ha permitido conocer de cerca la vida, costumbres y tradiciones de zonas marginadas de Ciudad Nezahualc\u00f3yotl.<\/p>\n<p>Este libro relata historias de personas que vieron en la autora, un medio confiable para hacerse escuchar, para exponer realidades que por cotidianas van perdiendo inter\u00e9s, pero que descubren sensaciones, experiencias y realidades de las que no podemos sentirnos ajenos.<\/p>\n<p>La presentaci\u00f3n de esta obra, en esta ocasi\u00f3n se realiz\u00f3 en el complejo conocido como Ciudad Mujeres, ubicado en Los Reyes La Paz.<\/p>\n<p>Con la asistencia de profesoras de escuelas para adultos de Ciudad Nezahualc\u00f3yotl, la presentaci\u00f3n nutri\u00f3 el ambiente de ejemplos y verdades.<\/p>\n<p>En esta ocasi\u00f3n, Susana Marquina comparti\u00f3 lo duro que debe ser para las mujeres de esta zona del estado, el enfrentarse a situaciones tan tristes y dif\u00edciles.<\/p>\n<p>Adem\u00e1s, la autora recalc\u00f3 que su inquietud por darles voz a todas las mujeres que han sido violentadas dio fruto en este libro, donde cada historia sensibiliza de una manera especial al lector.<\/p>\n<p>Ahora, el p\u00fablico interesado en conocer este libro y adquirirlo, lo puede hacer en las Librer\u00edas Cast\u00e1lida ubicadas en distintos puntos del Estado de M\u00e9xico: <em>https:\/\/foem.edomex.gob.mx\/librerias-castalida<\/em><\/p>\n","protected":false},"excerpt":{"rendered":"<p>El Fondo Editorial Estado de M\u00e9xico (FOEM) public\u00f3 el libro \u201cDistop\u00eda. Historias de vida de una ciudad joven\u201d de Susana Marquina Duque, en 2023; \u00e9ste se ha presentado en grandes escenarios, como las ferias internacionales de Guadalajara, del Libro en el Palacio de Miner\u00eda, y en el Estado de M\u00e9xico. Adem\u00e1s, ha sido punto de reuni\u00f3n para j\u00f3venes, en c\u00edrculos de lectura en diferentes comunidades mexiquenses.<\/p>\n","protected":false},"author":3,"featured_media":614761,"comment_status":"open","ping_status":"open","sticky":false,"template":"","format":"standard","meta":{"_monsterinsights_skip_tracking":false,"_monsterinsights_sitenote_active":false,"_monsterinsights_sitenote_note":"","_monsterinsights_sitenote_category":0,"footnotes":""},"categories":[5],"tags":[43675,96851,2324],"class_list":["post-614713","post","type-post","status-publish","format-standard","has-post-thumbnail","hentry","category-estado-de-mexico","tag-estado-de-mexico","tag-foem","tag-la-paz"],"_links":{"self":[{"href":"https:\/\/www.diarioimagen.net\/index.php?rest_route=\/wp\/v2\/posts\/614713","targetHints":{"allow":["GET"]}}],"collection":[{"href":"https:\/\/www.diarioimagen.net\/index.php?rest_route=\/wp\/v2\/posts"}],"about":[{"href":"https:\/\/www.diarioimagen.net\/index.php?rest_route=\/wp\/v2\/types\/post"}],"author":[{"embeddable":true,"href":"https:\/\/www.diarioimagen.net\/index.php?rest_route=\/wp\/v2\/users\/3"}],"replies":[{"embeddable":true,"href":"https:\/\/www.diarioimagen.net\/index.php?rest_route=%2Fwp%2Fv2%2Fcomments&post=614713"}],"version-history":[{"count":0,"href":"https:\/\/www.diarioimagen.net\/index.php?rest_route=\/wp\/v2\/posts\/614713\/revisions"}],"wp:featuredmedia":[{"embeddable":true,"href":"https:\/\/www.diarioimagen.net\/index.php?rest_route=\/wp\/v2\/media\/614761"}],"wp:attachment":[{"href":"https:\/\/www.diarioimagen.net\/index.php?rest_route=%2Fwp%2Fv2%2Fmedia&parent=614713"}],"wp:term":[{"taxonomy":"category","embeddable":true,"href":"https:\/\/www.diarioimagen.net\/index.php?rest_route=%2Fwp%2Fv2%2Fcategories&post=614713"},{"taxonomy":"post_tag","embeddable":true,"href":"https:\/\/www.diarioimagen.net\/index.php?rest_route=%2Fwp%2Fv2%2Ftags&post=614713"}],"curies":[{"name":"wp","href":"https:\/\/api.w.org\/{rel}","templated":true}]}}