{"id":614717,"date":"2024-04-02T00:00:15","date_gmt":"2024-04-02T06:00:15","guid":{"rendered":"https:\/\/www.diarioimagen.net\/?p=614717"},"modified":"2024-04-03T00:19:24","modified_gmt":"2024-04-03T06:19:24","slug":"en-quintana-roo-cada-vez-hay-mas-emprendedoras-dirigiendo-con-exito","status":"publish","type":"post","link":"https:\/\/www.diarioimagen.net\/?p=614717","title":{"rendered":"En Quintana Roo cada vez hay m\u00e1s emprendedoras dirigiendo con \u00e9xito"},"content":{"rendered":"<h2>Derecho de r\u00e9plica<\/h2>\n<h5>Jos\u00e9 Luis Monta\u00f1ez<\/h5>\n<p>&nbsp;<\/p>\n<ul>\n<li><strong><em>Inauguran en Canc\u00fan Foro de la Mujer y la Innovaci\u00f3n en la Tecnolog\u00eda<\/em><\/strong><\/li>\n<\/ul>\n<p>&nbsp;<\/p>\n<div id=\"attachment_614753\" style=\"width: 470px\" class=\"wp-caption aligncenter\"><a href=\"https:\/\/www.diarioimagen.net\/?attachment_id=614753\" rel=\"attachment wp-att-614753\"><img loading=\"lazy\" decoding=\"async\" aria-describedby=\"caption-attachment-614753\" class=\"size-full wp-image-614753\" src=\"https:\/\/www.diarioimagen.net\/wp-content\/uploads\/2024\/05\/Derecho.jpg\" alt=\"\" width=\"460\" height=\"270\" \/><\/a><p id=\"caption-attachment-614753\" class=\"wp-caption-text\">La gobernadora Mara Lezama Espinosa, inaugur\u00f3 el foro \u201cLa Mujer y la Innovaci\u00f3n en la Tecnolog\u00eda\u201d, en el planetario Ka\u2019yoc\u2019 de Canc\u00fan, donde habl\u00f3 del papel fundamental que las mujeres tienen en el emprendimiento.<\/p><\/div>\n<p>&nbsp;<\/p>\n<p>Inauguran el foro \u201cLa Mujer y la Innovaci\u00f3n en la Tecnolog\u00eda\u201d, en el planetario Ka\u00b4yoc\u00b4 de Canc\u00fan, con el objetivo de promover la participaci\u00f3n de las personas del sexo femenino en dicha \u00e1rea.<\/p>\n<p>Empresarias, artesanas, presidentas de c\u00e1maras, consultoras y del sector acad\u00e9mico, participaron en una conferencia magistral sobre \u201cPlataformas de Educaci\u00f3n Financiera\u201d y dos talleres: \u201cLa inteligencia artificial en la vida de las mujeres\u201d y \u201cEl rol de la mujer en la innovaci\u00f3n en M\u00e9xico\u201d.<\/p>\n<p>El evento, organizado por el Instituto Quintanarroense de Innovaci\u00f3n y Tecnolog\u00eda y la Secretar\u00eda de Desarrollo Econ\u00f3mico, lo encabez\u00f3 la gobernadora Mara Lezama Espinosa, que habl\u00f3 del papel fundamental que las mujeres tienen en el emprendimiento y la innovaci\u00f3n tecnol\u00f3gica.<\/p>\n<p>Asimismo, resalt\u00f3 la importancia de que las mujeres lideren la innovaci\u00f3n para resolver problemas p\u00fablicos y acelerar el desarrollo del estado.<\/p>\n<p>En la ceremonia de apertura estuvieron presentes Ver\u00f3nica Lezama Espinosa, presidenta honoraria del Sistema DIF Quintana Roo, que fue testigo de las diversas actividades.<\/p>\n<p>Las conferencias continuar\u00e1n enfocadas en impulsar la participaci\u00f3n de las mujeres en la tecnolog\u00eda y la innovaci\u00f3n, con el objetivo de fomentar su liderazgo en el \u00e1mbito empresarial y acad\u00e9mico.<\/p>\n<p style=\"text-align: center;\"><strong>Cifras r\u00e9cord de turismo en Semana Mayor <\/strong><\/p>\n<p>Durante las vacaciones de Semana Santa 2024, el estado de Quintana Roo ha establecido un nuevo r\u00e9cord tur\u00edstico. Con una ocupaci\u00f3n hotelera superior al 85%, se han ocupado 110,500 habitaciones por parte de visitantes que llegan a disfrutar de las bellezas naturales y regresan al destino debido a la excelencia y calidad en el servicio ofrecido por los trabajadores.<\/p>\n<p>La gobernadora Mara Lezama expres\u00f3: \u201cEn esta Semana Santa, proyectamos la llegada de m\u00e1s de 1.2 millones de visitantes a nuestro estado, marcando un incremento del 4.2% en comparaci\u00f3n con el a\u00f1o anterior y estableciendo un nuevo r\u00e9cord para nuestro estado\u201d.<\/p>\n<p>Adem\u00e1s, celebr\u00f3 que esta cifra impresionante se complementa con m\u00e1s de 620 operaciones a\u00e9reas diarias en los 4 aeropuertos internacionales de Quintana Roo: Canc\u00fan, Cozumel, Chetumal y Tulum. Esto refleja el liderazgo, la seguridad y las inolvidables experiencias que ofrece nuestro destino de clase mundial .<\/p>\n<p>Por su parte, la Secretar\u00eda de Turismo de Quintana Roo informa las cifras de ocupaci\u00f3n que ya est\u00e1n por encima del 85% promedio en los destinos del estado para el per\u00edodo de Semana Santa comprendido entre el 23 de marzo y el 7 de abril y se espera que llegue al 90% una cifra importante considerando que la infraestructura hotelera es de m\u00e1s de 130 mil cuartos de hotel.<\/p>\n<p>Para el periodo de Semana Santa 2024, Quintana Roo espera recibir casi un mill\u00f3n 300 mil visitantes, cifra que representa un aumento del 4.2% en comparaci\u00f3n con el mismo per\u00edodo del a\u00f1o 2023.<\/p>\n<p>El secretario de Turismo, Bernardo Cueto dijo que este crecimiento sostenido refleja la confianza y preferencia de los turistas por los destinos de Quintana Roo, as\u00ed como el resultado de las campa\u00f1as de promoci\u00f3n y la mejora continua en la calidad de los servicios ofrecidos en la regi\u00f3n.<\/p>\n<p>Explic\u00f3 que la derrama econ\u00f3mica estimada para este per\u00edodo es de m\u00e1s de mil millones de d\u00f3lares (MDD), lo que constituye un incremento del 5.9% respecto a la Semana Santa del a\u00f1o anterior. Este aumento en la derrama econ\u00f3mica es testimonio del dinamismo de nuestro sector tur\u00edstico y del impacto positivo que el turismo tiene en la econom\u00eda local.<\/p>\n<p><strong>Operativo vacacional en curso <\/strong><\/p>\n<p>La Coordinaci\u00f3n Estatal de Protecci\u00f3n Civil despliega un completo dispositivo de seguridad para garantizar la integridad y el bienestar de los visitantes a las playas del Caribe mexicano, dijo el titular Guillermo N\u00fa\u00f1ez Leal.<\/p>\n<p>Este despliegue abarca una amplia gama de acciones, desde la supervisi\u00f3n de las condiciones meteorol\u00f3gicas hasta la inspecci\u00f3n de la infraestructura tur\u00edstica y la coordinaci\u00f3n con otras instituciones de emergencia, se\u00f1al\u00f3.<\/p>\n<p>Adem\u00e1s, se realizan campa\u00f1as de concientizaci\u00f3n para promover pr\u00e1cticas seguras entre los visitantes, como el respeto a las se\u00f1ales de seguridad, el cuidado del medio ambiente y la prevenci\u00f3n de accidentes.<\/p>\n<p>N\u00fa\u00f1ez Leal dijo que se establece una estrecha comunicaci\u00f3n con los prestadores de servicios tur\u00edsticos y la comunidad local para identificar y atender de manera oportuna cualquier eventualidad.<\/p>\n<p style=\"text-align: center;\"><strong>Trabajadores no cuentan con pensi\u00f3n digna <\/strong><\/p>\n<p>En M\u00e9xico, una pensi\u00f3n digna es un tema crucial para los trabajadores y jubilados; es decir que debe alcanzarles para mantener su calidad de vida y cubrir sus necesidades b\u00e1sicas durante la vejez, pues de lo contrario tendr\u00e1n que tomar trabajos secundarios para completar sus gastos, situaci\u00f3n en la que est\u00e1n la mayor\u00eda de los pensionados en Quintana Roo.<\/p>\n<p>De acuerdo con la informaci\u00f3n brindada por la consultora de seguros AON Benfield, \u00fanicamente dos de cada 10 trabajadores quintanarroenses lograr\u00e1n jubilarse con una pensi\u00f3n \u201cdigna\u201d y cuatro de cada 10 ni siquiera lograr\u00e1n contar con este ahorro para su retiro, de modo que deber\u00e1n seguir trabajando para su manutenci\u00f3n.<\/p>\n<p>\u201cEl 60% de los adultos mayores de la entidad apenas van a recibir la pensi\u00f3n m\u00ednima garantizada por el Instituto Mexicano del Seguro Social, la cual equivale a 6 mil 208 pesos al mes\u201d, destacaron en su estudio.<\/p>\n<p>Explican que entre otros factores, se debe a que los trabajadores en cuesti\u00f3n fueron dados de alta apenas con un salario m\u00ednimo y durante su vida laboral no lograron cumplir con la meta de destinar al menos el 20% de su salario a su fondo de ahorros para el retiro, y aunque 6 mil 208 pesos podr\u00edan parecer mucho dinero, la realidad es que no es suficiente para cubrir una canasta b\u00e1sica al mes, la cual asciende a 9 mil 823 pesos.<\/p>\n<p>Por otro lado, se indic\u00f3 que 47.8% de los quintanarroenses trabajan en el sector informal, de modo que ellos ni siquiera lograr\u00e1n beneficiarse del programa de pensi\u00f3n m\u00ednima del IMSS. \u201cPor este motivo al llegar a los 65 a\u00f1os van a ser dependientes de los programas sociales o de la ayuda de sus familiares, o seguir laborando en la informalidad ya que la mayor\u00eda de las empresas no suelen contratar a personas en este rango de edad\u201d, se\u00f1ala AON<\/p>\n<p>En este contexto, s\u00f3lo el 17.9% de los trabajadores est\u00e1n ahorrando para su retiro de manera eficiente, y la mayor\u00eda de estas personas se encuentran en el rango de los 45 a 60 a\u00f1os de edad.<\/p>\n<p><em>Escr\u00edbame a mi mail: <a href=\"mailto:montanezaguilar@gmail.com\" target=\"_blank\" rel=\"noopener noreferrer\">montanezaguilar@gmail.com<\/a><\/em><\/p>\n","protected":false},"excerpt":{"rendered":"<p><span style=\"color: #005497;\"><strong>Jos\u00e9 Luis Monta\u00f1ez<\/strong><\/span><br \/>\n<br \/>\nInauguran el foro \u201cLa Mujer y la Innovaci\u00f3n en la Tecnolog\u00eda\u201d, en el planetario Ka\u00b4yoc\u00b4 de Canc\u00fan, con el objetivo de promover la participaci\u00f3n de las personas del sexo femenino en dicha \u00e1rea.<\/p>\n","protected":false},"author":3,"featured_media":614754,"comment_status":"open","ping_status":"open","sticky":false,"template":"","format":"standard","meta":{"_monsterinsights_skip_tracking":false,"_monsterinsights_sitenote_active":false,"_monsterinsights_sitenote_note":"","_monsterinsights_sitenote_category":0,"footnotes":""},"categories":[11622,25512],"tags":[47840,54579,43674],"class_list":["post-614717","post","type-post","status-publish","format-standard","has-post-thumbnail","hentry","category-jose-luis-montanez-aguilar","category-nacional-nacional","tag-derecho-de-replica","tag-jose-luis-montanez","tag-opinion"],"_links":{"self":[{"href":"https:\/\/www.diarioimagen.net\/index.php?rest_route=\/wp\/v2\/posts\/614717","targetHints":{"allow":["GET"]}}],"collection":[{"href":"https:\/\/www.diarioimagen.net\/index.php?rest_route=\/wp\/v2\/posts"}],"about":[{"href":"https:\/\/www.diarioimagen.net\/index.php?rest_route=\/wp\/v2\/types\/post"}],"author":[{"embeddable":true,"href":"https:\/\/www.diarioimagen.net\/index.php?rest_route=\/wp\/v2\/users\/3"}],"replies":[{"embeddable":true,"href":"https:\/\/www.diarioimagen.net\/index.php?rest_route=%2Fwp%2Fv2%2Fcomments&post=614717"}],"version-history":[{"count":0,"href":"https:\/\/www.diarioimagen.net\/index.php?rest_route=\/wp\/v2\/posts\/614717\/revisions"}],"wp:featuredmedia":[{"embeddable":true,"href":"https:\/\/www.diarioimagen.net\/index.php?rest_route=\/wp\/v2\/media\/614754"}],"wp:attachment":[{"href":"https:\/\/www.diarioimagen.net\/index.php?rest_route=%2Fwp%2Fv2%2Fmedia&parent=614717"}],"wp:term":[{"taxonomy":"category","embeddable":true,"href":"https:\/\/www.diarioimagen.net\/index.php?rest_route=%2Fwp%2Fv2%2Fcategories&post=614717"},{"taxonomy":"post_tag","embeddable":true,"href":"https:\/\/www.diarioimagen.net\/index.php?rest_route=%2Fwp%2Fv2%2Ftags&post=614717"}],"curies":[{"name":"wp","href":"https:\/\/api.w.org\/{rel}","templated":true}]}}