{"id":614835,"date":"2024-04-03T00:05:49","date_gmt":"2024-04-03T06:05:49","guid":{"rendered":"https:\/\/www.diarioimagen.net\/?p=614835"},"modified":"2024-04-03T22:31:05","modified_gmt":"2024-04-04T04:31:05","slug":"margarita-hernandez-flores-participo-en-el-campeonato-mundial-de-campo-traviesa","status":"publish","type":"post","link":"https:\/\/www.diarioimagen.net\/?p=614835","title":{"rendered":"Margarita Hern\u00e1ndez Flores particip\u00f3 en el Campeonato Mundial de Campo Traviesa"},"content":{"rendered":"<p>&nbsp;<\/p>\n<div id=\"attachment_614926\" style=\"width: 470px\" class=\"wp-caption aligncenter\"><a href=\"https:\/\/www.diarioimagen.net\/?attachment_id=614926\" rel=\"attachment wp-att-614926\"><img loading=\"lazy\" decoding=\"async\" aria-describedby=\"caption-attachment-614926\" class=\"size-full wp-image-614926\" src=\"https:\/\/www.diarioimagen.net\/wp-content\/uploads\/2024\/04\/uaem-margarita.jpg\" alt=\"\" width=\"460\" height=\"270\" \/><\/a><p id=\"caption-attachment-614926\" class=\"wp-caption-text\">El certamen, que tuvo verificativo este fin de semana, cont\u00f3 con la asistencia de deportistas de m\u00e1s de 25 pa\u00edses.<\/p><\/div>\n<p>&nbsp;<\/p>\n<p><strong>Toluca, Estado de M\u00e9xico.<\/strong>\u2014 Como parte de su preparaci\u00f3n rumbo a los Juegos Ol\u00edmpicos de Par\u00eds 2024, la deportista y entrenadora de la Universidad Aut\u00f3noma del Estado de M\u00e9xico (UAEM\u00e9x), Margarita Hern\u00e1ndez Flores particip\u00f3 en el Campeonato Mundial de Campo Traviesa, realizado en Serbia, al que acudi\u00f3 con el representativo mexicano.<\/p>\n<p>El certamen, que tuvo verificativo este fin de semana, cont\u00f3 con la asistencia de deportistas de m\u00e1s de 25 pa\u00edses; lo que le permiti\u00f3 el fogueo internacional logrando ubicarse en el sitio 11 por equipos. Ello representa un resultado significativo para la deportista de la Aut\u00f3noma mexiquense y la delegaci\u00f3n mexicana.<\/p>\n<p>Hern\u00e1ndez Flores cuenta con el apoyo de las autoridades universitarias, encabezadas por el rector Carlos Eduardo Barrera D\u00edaz, as\u00ed como de la Direcci\u00f3n de Cultura F\u00edsica y Deporte de la Universidad Aut\u00f3noma del Estado de M\u00e9xico.<\/p>\n<p>La deportista universitaria ya sabe lo que es estar en la justa veraniega, ya que tuvo participaci\u00f3n en los Juegos Ol\u00edmpicos de R\u00edo de Janeiro 2016 y ahora espera nuevamente tener una destacada actuaci\u00f3n.<\/p>\n<p>Cabe hacer menci\u00f3n que el pasado 3 de diciembre consigui\u00f3 su clasificaci\u00f3n a Paris 2024, con un tiempo de 2:25.54 en el Marat\u00f3n de Valencia.<\/p>\n<p>Es Licenciada en Derecho, Maestra en Gesti\u00f3n Organizacional, Especialista en G\u00e9nero, Violencia y Pol\u00edticas P\u00fablicas por la UAEM\u00e9x y maestrante en Ciencias Aplicadas al Deporte por la Universidad An\u00e1huac. Desde 2016 forma parte de la Direcci\u00f3n del Deporte Universitario de la UAEM\u00e9x, realizando trabajo administrativo.<\/p>\n","protected":false},"excerpt":{"rendered":"<p>Como parte de su preparaci\u00f3n rumbo a los Juegos Ol\u00edmpicos de Par\u00eds 2024, la deportista y entrenadora de la Universidad Aut\u00f3noma del Estado de M\u00e9xico (UAEM\u00e9x), Margarita Hern\u00e1ndez Flores particip\u00f3 en el Campeonato Mundial de Campo Traviesa, realizado en Serbia, al que acudi\u00f3 con el representativo mexicano.<\/p>\n","protected":false},"author":3,"featured_media":614926,"comment_status":"open","ping_status":"open","sticky":false,"template":"","format":"standard","meta":{"_monsterinsights_skip_tracking":false,"_monsterinsights_sitenote_active":false,"_monsterinsights_sitenote_note":"","_monsterinsights_sitenote_category":0,"footnotes":""},"categories":[5],"tags":[94840,67878],"class_list":["post-614835","post","type-post","status-publish","format-standard","has-post-thumbnail","hentry","category-estado-de-mexico","tag-deportista","tag-uaemex"],"_links":{"self":[{"href":"https:\/\/www.diarioimagen.net\/index.php?rest_route=\/wp\/v2\/posts\/614835","targetHints":{"allow":["GET"]}}],"collection":[{"href":"https:\/\/www.diarioimagen.net\/index.php?rest_route=\/wp\/v2\/posts"}],"about":[{"href":"https:\/\/www.diarioimagen.net\/index.php?rest_route=\/wp\/v2\/types\/post"}],"author":[{"embeddable":true,"href":"https:\/\/www.diarioimagen.net\/index.php?rest_route=\/wp\/v2\/users\/3"}],"replies":[{"embeddable":true,"href":"https:\/\/www.diarioimagen.net\/index.php?rest_route=%2Fwp%2Fv2%2Fcomments&post=614835"}],"version-history":[{"count":0,"href":"https:\/\/www.diarioimagen.net\/index.php?rest_route=\/wp\/v2\/posts\/614835\/revisions"}],"wp:featuredmedia":[{"embeddable":true,"href":"https:\/\/www.diarioimagen.net\/index.php?rest_route=\/wp\/v2\/media\/614926"}],"wp:attachment":[{"href":"https:\/\/www.diarioimagen.net\/index.php?rest_route=%2Fwp%2Fv2%2Fmedia&parent=614835"}],"wp:term":[{"taxonomy":"category","embeddable":true,"href":"https:\/\/www.diarioimagen.net\/index.php?rest_route=%2Fwp%2Fv2%2Fcategories&post=614835"},{"taxonomy":"post_tag","embeddable":true,"href":"https:\/\/www.diarioimagen.net\/index.php?rest_route=%2Fwp%2Fv2%2Ftags&post=614835"}],"curies":[{"name":"wp","href":"https:\/\/api.w.org\/{rel}","templated":true}]}}