{"id":614837,"date":"2024-04-03T00:03:56","date_gmt":"2024-04-03T06:03:56","guid":{"rendered":"https:\/\/www.diarioimagen.net\/?p=614837"},"modified":"2024-04-03T22:32:46","modified_gmt":"2024-04-04T04:32:46","slug":"dara-el-sat-plazo-de-seis-meses-para-pagar-impuestos","status":"publish","type":"post","link":"https:\/\/www.diarioimagen.net\/?p=614837","title":{"rendered":"Dar\u00e1 el SAT plazo de seis meses para pagar impuestos"},"content":{"rendered":"<p>&nbsp;<\/p>\n<h2 style=\"text-align: center;\">Declaraci\u00f3n Anual 2023<\/h2>\n<p><em>\u00a0<\/em><\/p>\n<ul>\n<li><strong><em>Incentiva el cumplimiento oportuno de obligaciones fiscales<\/em><\/strong><\/li>\n<\/ul>\n<p>&nbsp;<\/p>\n<div id=\"attachment_614930\" style=\"width: 470px\" class=\"wp-caption aligncenter\"><a href=\"https:\/\/www.diarioimagen.net\/?attachment_id=614930\" rel=\"attachment wp-att-614930\"><img loading=\"lazy\" decoding=\"async\" aria-describedby=\"caption-attachment-614930\" class=\"size-full wp-image-614930\" src=\"https:\/\/www.diarioimagen.net\/wp-content\/uploads\/2024\/04\/dara-sat-plazo.jpg\" alt=\"\" width=\"460\" height=\"270\" \/><\/a><p id=\"caption-attachment-614930\" class=\"wp-caption-text\">El SAT anunci\u00f3 que los contribuyentes que deban pagar impuestos, tras realizar la Declaraci\u00f3n Anual 2023, tienen la opci\u00f3n de hacerlo hasta en seis parcialidades.<\/p><\/div>\n<p>&nbsp;<\/p>\n<p>Tras el inicio del periodo para presentar la Declaraci\u00f3n Anual 2023 para personas f\u00edsicas \u2013del 1 al 30 de abril\u2013, el Servicio de Administraci\u00f3n Tributaria (SAT) inform\u00f3 que quienes enfrentan obligaciones fiscales podr\u00e1n dividir sus pagos en hasta seis partes.<\/p>\n<p>El organismo adscrito a la Secretar\u00eda de Hacienda y Cr\u00e9dito P\u00fablico ha delineado que esta facilidad de pago estar\u00e1 disponible exclusivamente para aquellos que presenten su declaraci\u00f3n dentro del plazo legal establecido.<\/p>\n<p>Esta medida busca incentivar el cumplimiento oportuno de obligaciones fiscales, promoviendo as\u00ed la transparencia y la responsabilidad financiera entre los contribuyentes.<\/p>\n<p>Bajo este esquema, el primer pago parcial deber\u00e1 realizarse en abril de 2024, seguido de cinco cuotas adicionales, todas a m\u00e1s tardar el \u00faltimo d\u00eda del mes correspondiente. El SAT enfatiza que los contribuyentes deben utilizar las l\u00edneas de captura generadas por el sistema al momento de presentar su declaraci\u00f3n, garantizando as\u00ed una correcta aplicaci\u00f3n de los pagos y evitando confusiones administrativas.<\/p>\n<p>Adem\u00e1s, para facilitar el proceso, los formatos de pago estar\u00e1n disponibles para su reimpresi\u00f3n a trav\u00e9s del aplicativo en l\u00ednea, bajo la opci\u00f3n \u00abimpresi\u00f3n de acuse\u00bb. Esto permite un acceso r\u00e1pido y sencillo a los documentos necesarios para realizar los pagos correspondientes.<\/p>\n<p>Los contribuyentes tambi\u00e9n tienen la opci\u00f3n de realizar pagos anticipados, lo que les otorga mayor flexibilidad y control sobre su situaci\u00f3n fiscal. Esta medida permite a los contribuyentes planificar sus finanzas de manera m\u00e1s efectiva y evitar posibles complicaciones futuras.<\/p>\n<p>No obstante, el SAT advierte que el incumplimiento de las parcialidades en tiempo y forma conllevar\u00e1 recargos por falta de pago oportuno. Por lo tanto, es crucial que los contribuyentes se adhieran a los plazos establecidos para evitar sanciones adicionales.<\/p>\n<p>Finalmente, se subraya que la \u00faltima parcialidad deber\u00e1 ser cubierta a m\u00e1s tardar el 30 de septiembre de 2024, incluyendo los recargos mencionados anteriormente en caso de aplicar. Esto proporciona un marco claro y definido para la finalizaci\u00f3n de los compromisos fiscales relacionados con la Declaraci\u00f3n Anual 2023.<\/p>\n<p>El SAT recuerda a los contribuyentes que la Declaraci\u00f3n Anual 2023 es obligatoria para diversas situaciones, incluyendo sueldos y salarios, servicios profesionales, actividades empresariales, arrendamiento de bienes inmuebles, enajenaci\u00f3n o adquisici\u00f3n de bienes, intereses o dividendos, as\u00ed como para aquellos sujetos al R\u00e9gimen Simplificado de Confianza (RESICO).<\/p>\n<p>Para presentar la Declaraci\u00f3n Anual se requiere contar con RFC, contrase\u00f1a o e.firma.<\/p>\n<p>Luego de que usuarios denunciaran que los aplicativos del sitio oficial del SAT para presentar la Declaraci\u00f3n Anual 2023 presentaban fallas, el organismo reconoci\u00f3 intermitencias en el servicio, debido a que se presentaron m\u00e1s de mil declaraciones por minuto.<\/p>\n","protected":false},"excerpt":{"rendered":"<p>Tras el inicio del periodo para presentar la Declaraci\u00f3n Anual 2023 para personas f\u00edsicas \u2013del 1 al 30 de abril\u2013, el Servicio de Administraci\u00f3n Tributaria (SAT) inform\u00f3 que quienes enfrentan obligaciones fiscales podr\u00e1n dividir sus pagos en hasta seis partes.<\/p>\n","protected":false},"author":3,"featured_media":614930,"comment_status":"open","ping_status":"open","sticky":false,"template":"","format":"standard","meta":{"_monsterinsights_skip_tracking":false,"_monsterinsights_sitenote_active":false,"_monsterinsights_sitenote_note":"","_monsterinsights_sitenote_category":0,"footnotes":""},"categories":[17,8],"tags":[6915,4907],"class_list":["post-614837","post","type-post","status-publish","format-standard","has-post-thumbnail","hentry","category-especiales","category-finanzas","tag-impuestos","tag-sat"],"_links":{"self":[{"href":"https:\/\/www.diarioimagen.net\/index.php?rest_route=\/wp\/v2\/posts\/614837","targetHints":{"allow":["GET"]}}],"collection":[{"href":"https:\/\/www.diarioimagen.net\/index.php?rest_route=\/wp\/v2\/posts"}],"about":[{"href":"https:\/\/www.diarioimagen.net\/index.php?rest_route=\/wp\/v2\/types\/post"}],"author":[{"embeddable":true,"href":"https:\/\/www.diarioimagen.net\/index.php?rest_route=\/wp\/v2\/users\/3"}],"replies":[{"embeddable":true,"href":"https:\/\/www.diarioimagen.net\/index.php?rest_route=%2Fwp%2Fv2%2Fcomments&post=614837"}],"version-history":[{"count":0,"href":"https:\/\/www.diarioimagen.net\/index.php?rest_route=\/wp\/v2\/posts\/614837\/revisions"}],"wp:featuredmedia":[{"embeddable":true,"href":"https:\/\/www.diarioimagen.net\/index.php?rest_route=\/wp\/v2\/media\/614930"}],"wp:attachment":[{"href":"https:\/\/www.diarioimagen.net\/index.php?rest_route=%2Fwp%2Fv2%2Fmedia&parent=614837"}],"wp:term":[{"taxonomy":"category","embeddable":true,"href":"https:\/\/www.diarioimagen.net\/index.php?rest_route=%2Fwp%2Fv2%2Fcategories&post=614837"},{"taxonomy":"post_tag","embeddable":true,"href":"https:\/\/www.diarioimagen.net\/index.php?rest_route=%2Fwp%2Fv2%2Ftags&post=614837"}],"curies":[{"name":"wp","href":"https:\/\/api.w.org\/{rel}","templated":true}]}}