{"id":614846,"date":"2024-04-03T00:08:11","date_gmt":"2024-04-03T06:08:11","guid":{"rendered":"https:\/\/www.diarioimagen.net\/?p=614846"},"modified":"2024-04-03T22:36:10","modified_gmt":"2024-04-04T04:36:10","slug":"el-gobierno-del-edomex-enfrenta-incendios-forestales-en-coordinacion-con-el-ejercito-mexicano-y-la-marina","status":"publish","type":"post","link":"https:\/\/www.diarioimagen.net\/?p=614846","title":{"rendered":"El gobierno del Edomex enfrenta\u00a0incendios forestales en coordinaci\u00f3n con el Ej\u00e9rcito mexicano y la Marina"},"content":{"rendered":"<p>&nbsp;<\/p>\n<h2 style=\"text-align: center;\">Alerta permanente<\/h2>\n<p>&nbsp;<\/p>\n<ul>\n<li><strong><em>Se realiza la Mesa de Coordinaci\u00f3n para la Construcci\u00f3n de la Paz n\u00famero 61<\/em><\/strong><\/li>\n<\/ul>\n<p><strong>\u00a0<\/strong><\/p>\n<div id=\"attachment_614951\" style=\"width: 470px\" class=\"wp-caption aligncenter\"><a href=\"https:\/\/www.diarioimagen.net\/?attachment_id=614951\" rel=\"attachment wp-att-614951\"><img loading=\"lazy\" decoding=\"async\" aria-describedby=\"caption-attachment-614951\" class=\"size-full wp-image-614951\" src=\"https:\/\/www.diarioimagen.net\/wp-content\/uploads\/2024\/04\/gobierno-del-edomex.jpg\" alt=\"\" width=\"460\" height=\"270\" \/><\/a><p id=\"caption-attachment-614951\" class=\"wp-caption-text\">La gobernadora Delfina G\u00f3mez \u00c1lvarez, encabez\u00f3 la Mesa de Coordinaci\u00f3n para la Construcci\u00f3n de la Paz n\u00famero 61, donde se dio seguimiento a los reportes de los incendios forestales en la entidad.<\/p><\/div>\n<p>&nbsp;<\/p>\n<p><strong>Toluca, Estado de M\u00e9xico.\u2014 <\/strong>En la Mesa de Coordinaci\u00f3n para la Construcci\u00f3n de la Paz encabezada por la Gobernadora Delfina G\u00f3mez \u00c1lvarez se dio seguimiento a los reportes de los incendios forestales en la entidad, mismos que se atienden en coordinaci\u00f3n con las autoridades federales de la Comisi\u00f3n Nacional Forestal (Conafor); las secretar\u00edas de la Defensa Nacional (Sedena) y de la Marina (Semar); y los gobiernos municipales.<\/p>\n<p>La mandataria estatal dijo que el Gobierno del Estado de M\u00e9xico se mantiene en alerta permanente para atender de manera oportuna los reportes de la ciudadan\u00eda.<\/p>\n<p>Reconoci\u00f3 y agradeci\u00f3 a las autoridades federales, estatales y municipales la coordinaci\u00f3n que se ha establecido en las cinco mesas interinstitucionales en Amecameca, Coatepec Harinas, Temoaya, Valle de Bravo y Lerma para el monitoreo constante a los incendios forestales que se registran en la entidad.<\/p>\n<p>En la sesi\u00f3n n\u00famero 61 participaron Andr\u00e9s Andrade T\u00e9llez, Secretario de Seguridad estatal; Jos\u00e9 Luis Cervantes Mart\u00ednez, Fiscal General de Justicia del Estado de M\u00e9xico; y autoridades de la Sedena; Semar; Guardia Nacional; Protecci\u00f3n Civil estatal, y del Centro Nacional de Inteligencia.<\/p>\n","protected":false},"excerpt":{"rendered":"<p>En la Mesa de Coordinaci\u00f3n para la Construcci\u00f3n de la Paz encabezada por la Gobernadora Delfina G\u00f3mez \u00c1lvarez se dio seguimiento a los reportes de los incendios forestales en la entidad, mismos que se atienden en coordinaci\u00f3n con las autoridades federales de la Comisi\u00f3n Nacional Forestal (Conafor); las secretar\u00edas de la Defensa Nacional (Sedena) y de la Marina (Semar); y los gobiernos municipales.<\/p>\n","protected":false},"author":3,"featured_media":614951,"comment_status":"open","ping_status":"open","sticky":false,"template":"","format":"standard","meta":{"_monsterinsights_skip_tracking":false,"_monsterinsights_sitenote_active":false,"_monsterinsights_sitenote_note":"","_monsterinsights_sitenote_category":0,"footnotes":""},"categories":[5],"tags":[43675,10465],"class_list":["post-614846","post","type-post","status-publish","format-standard","has-post-thumbnail","hentry","category-estado-de-mexico","tag-estado-de-mexico","tag-incendios"],"_links":{"self":[{"href":"https:\/\/www.diarioimagen.net\/index.php?rest_route=\/wp\/v2\/posts\/614846","targetHints":{"allow":["GET"]}}],"collection":[{"href":"https:\/\/www.diarioimagen.net\/index.php?rest_route=\/wp\/v2\/posts"}],"about":[{"href":"https:\/\/www.diarioimagen.net\/index.php?rest_route=\/wp\/v2\/types\/post"}],"author":[{"embeddable":true,"href":"https:\/\/www.diarioimagen.net\/index.php?rest_route=\/wp\/v2\/users\/3"}],"replies":[{"embeddable":true,"href":"https:\/\/www.diarioimagen.net\/index.php?rest_route=%2Fwp%2Fv2%2Fcomments&post=614846"}],"version-history":[{"count":0,"href":"https:\/\/www.diarioimagen.net\/index.php?rest_route=\/wp\/v2\/posts\/614846\/revisions"}],"wp:featuredmedia":[{"embeddable":true,"href":"https:\/\/www.diarioimagen.net\/index.php?rest_route=\/wp\/v2\/media\/614951"}],"wp:attachment":[{"href":"https:\/\/www.diarioimagen.net\/index.php?rest_route=%2Fwp%2Fv2%2Fmedia&parent=614846"}],"wp:term":[{"taxonomy":"category","embeddable":true,"href":"https:\/\/www.diarioimagen.net\/index.php?rest_route=%2Fwp%2Fv2%2Fcategories&post=614846"},{"taxonomy":"post_tag","embeddable":true,"href":"https:\/\/www.diarioimagen.net\/index.php?rest_route=%2Fwp%2Fv2%2Ftags&post=614846"}],"curies":[{"name":"wp","href":"https:\/\/api.w.org\/{rel}","templated":true}]}}