{"id":614847,"date":"2024-04-03T00:01:24","date_gmt":"2024-04-03T06:01:24","guid":{"rendered":"https:\/\/www.diarioimagen.net\/?p=614847"},"modified":"2024-04-03T02:08:53","modified_gmt":"2024-04-03T08:08:53","slug":"listo-el-instituto-electoral-del-edomex-para-debate-publicos-entre-candidatos-mexiquenses","status":"publish","type":"post","link":"https:\/\/www.diarioimagen.net\/?p=614847","title":{"rendered":"Listo, el Instituto Electoral del Edomex para debate p\u00fablicos entre candidatos mexiquenses"},"content":{"rendered":"<p>&nbsp;<\/p>\n<ul>\n<li><em><strong>Emiti\u00f3 lineamientos para la organizaci\u00f3n<\/strong><\/em><\/li>\n<\/ul>\n<p>&nbsp;<\/p>\n<div id=\"attachment_614953\" style=\"width: 470px\" class=\"wp-caption aligncenter\"><a href=\"https:\/\/www.diarioimagen.net\/?attachment_id=614953\" rel=\"attachment wp-att-614953\"><img loading=\"lazy\" decoding=\"async\" aria-describedby=\"caption-attachment-614953\" class=\"size-full wp-image-614953\" src=\"https:\/\/www.diarioimagen.net\/wp-content\/uploads\/2024\/04\/listo-el-instituto.jpg\" alt=\"\" width=\"460\" height=\"270\" \/><\/a><p id=\"caption-attachment-614953\" class=\"wp-caption-text\">El IEEM emiti\u00f3 los Lineamientos para la organizaci\u00f3n, realizaci\u00f3n y difusi\u00f3n de debates p\u00fablicos electorales, entre las candidaturas a diputaciones y presidencias municipales, en los procesos electorales locales.<\/p><\/div>\n<p>&nbsp;<\/p>\n<p><strong>Toluca, Estado de M\u00e9xico.\u2014<\/strong> El Instituto Electoral del Estado de M\u00e9xico (IEEM) emiti\u00f3 los Lineamientos para la organizaci\u00f3n, realizaci\u00f3n y difusi\u00f3n de debates p\u00fablicos electorales, entre las candidaturas a Diputaciones y Presidencias Municipales, en los procesos electorales locales en el Estado de M\u00e9xico, mismos que fueron publicados mediante el Acuerdo No.\u00a0 IEEM\/ CG\/63\/ 2024.<\/p>\n<p>Los debates p\u00fablicos electorales son herramientas que fortalecen la democracia y contribuyen a garantizar procesos electorales transparentes y participativos, pero en el marco de los citados lineamientos, en su art\u00edculo 4, estos deber\u00e1n entenderse como: actos p\u00fablicos celebrados \u00fanicamente durante el periodo de campa\u00f1a electoral.<\/p>\n<p>En dichos debates,\u00a0 participan las diversas candidaturas a un mismo cargo de elecci\u00f3n popular, sea de diputaciones locales o de presidencias municipales, con el objeto de exponer y confrontar entre s\u00ed, sus propuestas, planteamientos y plataformas electorales.<\/p>\n<p>Lo anterior, tiene como objetivo difundir los enfoques de cada participante como parte de un ejercicio democr\u00e1tico, bajo un esquema donde se privilegie la libertad de argumentaci\u00f3n en un marco de respeto y civilidad, a trav\u00e9s de una din\u00e1mica previamente establecida.<\/p>\n","protected":false},"excerpt":{"rendered":"<p>El Instituto Electoral del Estado de M\u00e9xico (IEEM) emiti\u00f3 los Lineamientos para la organizaci\u00f3n, realizaci\u00f3n y difusi\u00f3n de debates p\u00fablicos electorales, entre las candidaturas a Diputaciones y Presidencias Municipales, en los procesos electorales locales en el Estado de M\u00e9xico, mismos que fueron publicados mediante el Acuerdo No.\u00a0 IEEM\/ CG\/63\/ 2024.<\/p>\n","protected":false},"author":3,"featured_media":614953,"comment_status":"open","ping_status":"open","sticky":false,"template":"","format":"standard","meta":{"_monsterinsights_skip_tracking":false,"_monsterinsights_sitenote_active":false,"_monsterinsights_sitenote_note":"","_monsterinsights_sitenote_category":0,"footnotes":""},"categories":[5],"tags":[97504,694],"class_list":["post-614847","post","type-post","status-publish","format-standard","has-post-thumbnail","hentry","category-estado-de-mexico","tag-debates","tag-ieem"],"_links":{"self":[{"href":"https:\/\/www.diarioimagen.net\/index.php?rest_route=\/wp\/v2\/posts\/614847","targetHints":{"allow":["GET"]}}],"collection":[{"href":"https:\/\/www.diarioimagen.net\/index.php?rest_route=\/wp\/v2\/posts"}],"about":[{"href":"https:\/\/www.diarioimagen.net\/index.php?rest_route=\/wp\/v2\/types\/post"}],"author":[{"embeddable":true,"href":"https:\/\/www.diarioimagen.net\/index.php?rest_route=\/wp\/v2\/users\/3"}],"replies":[{"embeddable":true,"href":"https:\/\/www.diarioimagen.net\/index.php?rest_route=%2Fwp%2Fv2%2Fcomments&post=614847"}],"version-history":[{"count":0,"href":"https:\/\/www.diarioimagen.net\/index.php?rest_route=\/wp\/v2\/posts\/614847\/revisions"}],"wp:featuredmedia":[{"embeddable":true,"href":"https:\/\/www.diarioimagen.net\/index.php?rest_route=\/wp\/v2\/media\/614953"}],"wp:attachment":[{"href":"https:\/\/www.diarioimagen.net\/index.php?rest_route=%2Fwp%2Fv2%2Fmedia&parent=614847"}],"wp:term":[{"taxonomy":"category","embeddable":true,"href":"https:\/\/www.diarioimagen.net\/index.php?rest_route=%2Fwp%2Fv2%2Fcategories&post=614847"},{"taxonomy":"post_tag","embeddable":true,"href":"https:\/\/www.diarioimagen.net\/index.php?rest_route=%2Fwp%2Fv2%2Ftags&post=614847"}],"curies":[{"name":"wp","href":"https:\/\/api.w.org\/{rel}","templated":true}]}}