{"id":614850,"date":"2024-04-03T00:02:41","date_gmt":"2024-04-03T06:02:41","guid":{"rendered":"https:\/\/www.diarioimagen.net\/?p=614850"},"modified":"2024-04-03T02:10:06","modified_gmt":"2024-04-03T08:10:06","slug":"necesitamos-en-el-congreso-a-gente-con-experiencia-dice-carmen-olmedo","status":"publish","type":"post","link":"https:\/\/www.diarioimagen.net\/?p=614850","title":{"rendered":"Necesitamos en el Congreso a gente con experiencia, dice Carmen Olmedo"},"content":{"rendered":"<p>&nbsp;<\/p>\n<ul>\n<li><em><strong>Apoyo a Jos\u00e9 Luis Dur\u00e1n Reveles<\/strong><\/em><\/li>\n<\/ul>\n<p>&nbsp;<\/p>\n<div id=\"attachment_614955\" style=\"width: 470px\" class=\"wp-caption aligncenter\"><a href=\"https:\/\/www.diarioimagen.net\/?attachment_id=614955\" rel=\"attachment wp-att-614955\"><img loading=\"lazy\" decoding=\"async\" aria-describedby=\"caption-attachment-614955\" class=\"size-full wp-image-614955\" src=\"https:\/\/www.diarioimagen.net\/wp-content\/uploads\/2024\/04\/necesitamos-en-el-congreso.jpg\" alt=\"\" width=\"460\" height=\"270\" \/><\/a><p id=\"caption-attachment-614955\" class=\"wp-caption-text\">La luchadora social Carmen Olmedo Luna asegur\u00f3 que el ingeniero Jos\u00e9 Luis Dur\u00e1n es un hombre que siempre se ha preocupado y ocupado por atender las necesidades de los naucalpenses.<\/p><\/div>\n<p>&nbsp;<\/p>\n<p><strong>Naucalpan, Estado de M\u00e9xico.\u2014<\/strong> Necesitamos que lleguen a la C\u00e1mara de Diputados, personas que cuenten con trayectoria y experiencia pol\u00edtica, para que se creen Leyes acordes a las necesidades de las familias, no s\u00f3lo del Estado de M\u00e9xico, sino del pa\u00eds y que mejor que Jos\u00e9 Luis Dur\u00e1n Reveles, candidato del PVEM al Distrito 24.<\/p>\n<p>As\u00ed lo se\u00f1al\u00f3 en entrevista, la luchadora social Carmen Olmedo Luna, qui\u00e9n asegur\u00f3 que \u201cel ingeniero Jos\u00e9 Luis Dur\u00e1n es un hombre que siempre se ha preocupado y ocupado por atender las necesidades de los naucalpenses y ello lo demostr\u00f3 cuando desde la presidencia municipal de Naucalpan en donde ya fue dos veces alcalde\u201d.<\/p>\n<p>Olmedo Luna, tambi\u00e9n dirigente de la Uni\u00f3n de Luchas Zapatistas (ULZ) y de la Central Unitaria de Trabajadores (CUT), destac\u00f3 que \u201ccon atenci\u00f3n hemos escuchado sus propuestas y desde luego que contar\u00e1 con nuestro respaldo el pr\u00f3ximo 2 de junio\u201d.<\/p>\n<p>Por otra parte, la dirigente mexiquense, puntualiz\u00f3 que \u201cpara concretar el proyecto de naci\u00f3n de la doctora Claudia Sheinbaum, se necesita de un Congreso de la Uni\u00f3n con hombres y mujeres que miren por el bienestar de nuestras familias y qu\u00e9 mejor que Jos\u00e9 Luis Dur\u00e1n\u201d.<\/p>\n<p>Finalmente, Carmen Olmedo reiter\u00f3 su compromiso de seguir luchando por mejorar las condiciones de vida del pueblo de M\u00e9xico.<\/p>\n<p>\u201cVamos unidos y en un solo proyecto\u00a0 que es seguir fortaleciendo la Cuarta Transformaci\u00f3n y llevar a la presidencia de la Rep\u00fablica a Claudia Sheinbaum \u201c, concluy\u00f3.<\/p>\n","protected":false},"excerpt":{"rendered":"<p>Necesitamos que lleguen a la C\u00e1mara de Diputados, personas que cuenten con trayectoria y experiencia pol\u00edtica, para que se creen Leyes acordes a las necesidades de las familias, no s\u00f3lo del Estado de M\u00e9xico, sino del pa\u00eds y que mejor que Jos\u00e9 Luis Dur\u00e1n Reveles, candidato del PVEM al Distrito 24.<\/p>\n","protected":false},"author":3,"featured_media":614955,"comment_status":"open","ping_status":"open","sticky":false,"template":"","format":"standard","meta":{"_monsterinsights_skip_tracking":false,"_monsterinsights_sitenote_active":false,"_monsterinsights_sitenote_note":"","_monsterinsights_sitenote_category":0,"footnotes":""},"categories":[5],"tags":[98,43675,970],"class_list":["post-614850","post","type-post","status-publish","format-standard","has-post-thumbnail","hentry","category-estado-de-mexico","tag-camara-de-diputados","tag-estado-de-mexico","tag-naucalpan"],"_links":{"self":[{"href":"https:\/\/www.diarioimagen.net\/index.php?rest_route=\/wp\/v2\/posts\/614850","targetHints":{"allow":["GET"]}}],"collection":[{"href":"https:\/\/www.diarioimagen.net\/index.php?rest_route=\/wp\/v2\/posts"}],"about":[{"href":"https:\/\/www.diarioimagen.net\/index.php?rest_route=\/wp\/v2\/types\/post"}],"author":[{"embeddable":true,"href":"https:\/\/www.diarioimagen.net\/index.php?rest_route=\/wp\/v2\/users\/3"}],"replies":[{"embeddable":true,"href":"https:\/\/www.diarioimagen.net\/index.php?rest_route=%2Fwp%2Fv2%2Fcomments&post=614850"}],"version-history":[{"count":0,"href":"https:\/\/www.diarioimagen.net\/index.php?rest_route=\/wp\/v2\/posts\/614850\/revisions"}],"wp:featuredmedia":[{"embeddable":true,"href":"https:\/\/www.diarioimagen.net\/index.php?rest_route=\/wp\/v2\/media\/614955"}],"wp:attachment":[{"href":"https:\/\/www.diarioimagen.net\/index.php?rest_route=%2Fwp%2Fv2%2Fmedia&parent=614850"}],"wp:term":[{"taxonomy":"category","embeddable":true,"href":"https:\/\/www.diarioimagen.net\/index.php?rest_route=%2Fwp%2Fv2%2Fcategories&post=614850"},{"taxonomy":"post_tag","embeddable":true,"href":"https:\/\/www.diarioimagen.net\/index.php?rest_route=%2Fwp%2Fv2%2Ftags&post=614850"}],"curies":[{"name":"wp","href":"https:\/\/api.w.org\/{rel}","templated":true}]}}