{"id":614852,"date":"2024-04-03T00:03:03","date_gmt":"2024-04-03T06:03:03","guid":{"rendered":"https:\/\/www.diarioimagen.net\/?p=614852"},"modified":"2024-04-03T02:16:04","modified_gmt":"2024-04-03T08:16:04","slug":"llaman-a-funcionarios-del-edomex-a-realizar-su-declaracion-patrimonial","status":"publish","type":"post","link":"https:\/\/www.diarioimagen.net\/?p=614852","title":{"rendered":"Llaman a funcionarios del Edomex a realizar su declaraci\u00f3n patrimonial"},"content":{"rendered":"<p>&nbsp;<\/p>\n<ul>\n<li><em><strong>El plazo vence el \u00faltimo d\u00eda de este mes<\/strong><\/em><\/li>\n<\/ul>\n<p>&nbsp;<\/p>\n<div id=\"attachment_614957\" style=\"width: 470px\" class=\"wp-caption aligncenter\"><a href=\"https:\/\/www.diarioimagen.net\/?attachment_id=614957\" rel=\"attachment wp-att-614957\"><img loading=\"lazy\" decoding=\"async\" aria-describedby=\"caption-attachment-614957\" class=\"size-full wp-image-614957\" src=\"https:\/\/www.diarioimagen.net\/wp-content\/uploads\/2024\/04\/llaman-a-funcionarios.jpg\" alt=\"\" width=\"460\" height=\"270\" \/><\/a><p id=\"caption-attachment-614957\" class=\"wp-caption-text\">A partir de esta semana, servidores p\u00fablicos podr\u00e1n acceder al sitio de Decl@raNET para adelantar la captura de datos relacionados con la declaraci\u00f3n patrimonial.<\/p><\/div>\n<p>&nbsp;<\/p>\n<p><strong>Toluca, Estado de M\u00e9xico.\u2014<\/strong> La Secretar\u00eda de la Contralor\u00eda del Gobierno del Estado de M\u00e9xico informa que, a partir de esta semana, las personas servidoras p\u00fablicas podr\u00e1n acceder al sitio de Decl@raNET para adelantar la captura de los datos relacionados con la Declaraci\u00f3n de Modificaci\u00f3n Patrimonial, de Intereses y, en su caso, el comprobante de la Declaraci\u00f3n Fiscal, anualidad 2023.<\/p>\n<p>Lo anterior, permitir\u00e1 que la o el servidor p\u00fablico incluso tenga tiempo de revisar y guardar su informaci\u00f3n en el sistema; de manera que, desde el primer d\u00eda de mayo pr\u00f3ximo, cumpla en tiempo y forma con la entrega, cuyo plazo vence el \u00faltimo d\u00eda del mes antes citado, de acuerdo con la Ley de Responsabilidades Administrativas del Estado de M\u00e9xico y Municipios.<\/p>\n<p>Este a\u00f1o, el padr\u00f3n de sujetos obligados qued\u00f3 integrado por 454 mil 820 servidores p\u00fablicos.<\/p>\n<p>Cabe se\u00f1alar que, desde febrero pasado, la dependencia ha organizado una serie de capacitaciones y asesor\u00edas, tanto presenciales como virtuales, a cargo del personal de la Subsecretar\u00eda de Responsabilidades Administrativas, para dar a conocer el funcionamiento del Decl@raNET, lo mismo a personas servidoras p\u00fablicas estatales como a municipales en toda la entidad federativa.<\/p>\n<p>Adem\u00e1s , en caso de requerir asesor\u00eda, la Secretar\u00eda de la Contralor\u00eda habilitar\u00e1 un chat, a trav\u00e9s de la p\u00e1gina del sistema Decl@raNET: https:\/\/declaranet.secogem.gob.mx\/, durante todo el mes de mayo.<\/p>\n","protected":false},"excerpt":{"rendered":"<p>La Secretar\u00eda de la Contralor\u00eda del Gobierno del Estado de M\u00e9xico informa que, a partir de esta semana, las personas servidoras p\u00fablicas podr\u00e1n acceder al sitio de Decl@raNET para adelantar la captura de los datos relacionados con la Declaraci\u00f3n de Modificaci\u00f3n Patrimonial, de Intereses y, en su caso, el comprobante de la Declaraci\u00f3n Fiscal, anualidad 2023.<\/p>\n","protected":false},"author":3,"featured_media":614957,"comment_status":"open","ping_status":"open","sticky":false,"template":"","format":"standard","meta":{"_monsterinsights_skip_tracking":false,"_monsterinsights_sitenote_active":false,"_monsterinsights_sitenote_note":"","_monsterinsights_sitenote_category":0,"footnotes":""},"categories":[5],"tags":[5641,43675,452],"class_list":["post-614852","post","type-post","status-publish","format-standard","has-post-thumbnail","hentry","category-estado-de-mexico","tag-declaracion","tag-estado-de-mexico","tag-toluca"],"_links":{"self":[{"href":"https:\/\/www.diarioimagen.net\/index.php?rest_route=\/wp\/v2\/posts\/614852","targetHints":{"allow":["GET"]}}],"collection":[{"href":"https:\/\/www.diarioimagen.net\/index.php?rest_route=\/wp\/v2\/posts"}],"about":[{"href":"https:\/\/www.diarioimagen.net\/index.php?rest_route=\/wp\/v2\/types\/post"}],"author":[{"embeddable":true,"href":"https:\/\/www.diarioimagen.net\/index.php?rest_route=\/wp\/v2\/users\/3"}],"replies":[{"embeddable":true,"href":"https:\/\/www.diarioimagen.net\/index.php?rest_route=%2Fwp%2Fv2%2Fcomments&post=614852"}],"version-history":[{"count":0,"href":"https:\/\/www.diarioimagen.net\/index.php?rest_route=\/wp\/v2\/posts\/614852\/revisions"}],"wp:featuredmedia":[{"embeddable":true,"href":"https:\/\/www.diarioimagen.net\/index.php?rest_route=\/wp\/v2\/media\/614957"}],"wp:attachment":[{"href":"https:\/\/www.diarioimagen.net\/index.php?rest_route=%2Fwp%2Fv2%2Fmedia&parent=614852"}],"wp:term":[{"taxonomy":"category","embeddable":true,"href":"https:\/\/www.diarioimagen.net\/index.php?rest_route=%2Fwp%2Fv2%2Fcategories&post=614852"},{"taxonomy":"post_tag","embeddable":true,"href":"https:\/\/www.diarioimagen.net\/index.php?rest_route=%2Fwp%2Fv2%2Ftags&post=614852"}],"curies":[{"name":"wp","href":"https:\/\/api.w.org\/{rel}","templated":true}]}}