{"id":615026,"date":"2024-04-04T00:01:42","date_gmt":"2024-04-04T06:01:42","guid":{"rendered":"https:\/\/www.diarioimagen.net\/?p=615026"},"modified":"2024-04-04T01:13:58","modified_gmt":"2024-04-04T07:13:58","slug":"ya-investiga-la-fgjem-a-responsables-del-incendio-forestal-en-jilotzingo-afirma-la-alcaldesa-ana-teresa-casas","status":"publish","type":"post","link":"https:\/\/www.diarioimagen.net\/?p=615026","title":{"rendered":"Ya investiga la FGJEM a responsables del incendio forestal en Jilotzingo, afirma la alcaldesa Ana Teresa Casas"},"content":{"rendered":"<p>&nbsp;<\/p>\n<ul>\n<li><em><strong>Se han atendido 125 siniestros en esta administraci\u00f3n<\/strong><\/em><\/li>\n<\/ul>\n<p>&nbsp;<\/p>\n<div id=\"attachment_615124\" style=\"width: 470px\" class=\"wp-caption aligncenter\"><a href=\"https:\/\/www.diarioimagen.net\/?attachment_id=615124\" rel=\"attachment wp-att-615124\"><img loading=\"lazy\" decoding=\"async\" aria-describedby=\"caption-attachment-615124\" class=\"size-full wp-image-615124\" src=\"https:\/\/www.diarioimagen.net\/wp-content\/uploads\/2024\/04\/ya-investiga-fgjem.jpg\" alt=\"\" width=\"460\" height=\"270\" \/><\/a><p id=\"caption-attachment-615124\" class=\"wp-caption-text\">En el gobierno de Jilotzingo, que encabeza Ana Teresa Casas, se han atendido un total de 125 siniestros forestales y en el actual incendio, sin precedentes, se estima que ha afectado 750 hect\u00e1reas.<\/p><\/div>\n<p>&nbsp;<\/p>\n<p><strong>Jilotzingo, Estado de M\u00e9xico.\u2014<\/strong> Durante la actual administraci\u00f3n municipal, que encabeza Ana Teresa Casas, se han atendido un total de 125 siniestros y el actual incendio, sin precedentes, se estima que ha afectado 750 hect\u00e1reas y se espera el dato oficial de las autoridades para determinar la afectaci\u00f3n final.<\/p>\n<p>As\u00ed lo dio a conocer en conferencia de prensa la propia alcaldesa, luego de se\u00f1alar que \u201cse cree que fueron provocados, por lo que se realiz\u00f3 una denuncia y estamos colaborando plenamente con la Fiscal\u00eda\u00a0 General del Estado de M\u00e9xico (FGJEM) para dar con los responsables\u201d, dijo.<\/p>\n<p>En sesi\u00f3n extraordinaria de Cabildo, la alcaldesa y 7 de los 8 representantes populares, declararon que no habr\u00e1 cambio de uso de suelo, seg\u00fan lo estipulado por la normativa que protege el \u00e1rea durante 20 a\u00f1os.<\/p>\n<p>Durante la visita de la gobernadora Delfina G\u00f3mez a ese municipio se reafirmaron los trabajos coordinados para solicitar la polic\u00eda montada y \u00e1rboles para reforestaci\u00f3n.<\/p>\n<p>\u201cAfortunadamente, no se reportaron v\u00edctimas mortales entre los brigadistas que combatieron el incendio, aunque algunas personas sufrieron lesiones leves que fueron atendidas. Se han organizado brigadas de salud en coordinaci\u00f3n con el ISEM, Cruz Roja y escuelas de enfermer\u00eda, adem\u00e1s de ofrecer apoyo a las dos familias evacuadas\u201d, se dijo.<\/p>\n<p>Para brindar atenci\u00f3n m\u00e9dica gratuita a los brigadistas y voluntarios, se establecieron\u00a0 m\u00f3dulos fijos en la biblioteca p\u00fablica y la casa del adulto mayor de San Luis Ayucan, as\u00ed como en Santa Ana en el DIF Municipal.<\/p>\n","protected":false},"excerpt":{"rendered":"<p>Durante la actual administraci\u00f3n municipal, que encabeza Ana Teresa Casas, se han atendido un total de 125 siniestros y el actual incendio, sin precedentes, se estima que ha afectado 750 hect\u00e1reas y se espera el dato oficial de las autoridades para determinar la afectaci\u00f3n final.<\/p>\n","protected":false},"author":3,"featured_media":615124,"comment_status":"open","ping_status":"open","sticky":false,"template":"","format":"standard","meta":{"_monsterinsights_skip_tracking":false,"_monsterinsights_sitenote_active":false,"_monsterinsights_sitenote_note":"","_monsterinsights_sitenote_category":0,"footnotes":""},"categories":[5],"tags":[43675,10465,4650],"class_list":["post-615026","post","type-post","status-publish","format-standard","has-post-thumbnail","hentry","category-estado-de-mexico","tag-estado-de-mexico","tag-incendios","tag-jilotzingo"],"_links":{"self":[{"href":"https:\/\/www.diarioimagen.net\/index.php?rest_route=\/wp\/v2\/posts\/615026","targetHints":{"allow":["GET"]}}],"collection":[{"href":"https:\/\/www.diarioimagen.net\/index.php?rest_route=\/wp\/v2\/posts"}],"about":[{"href":"https:\/\/www.diarioimagen.net\/index.php?rest_route=\/wp\/v2\/types\/post"}],"author":[{"embeddable":true,"href":"https:\/\/www.diarioimagen.net\/index.php?rest_route=\/wp\/v2\/users\/3"}],"replies":[{"embeddable":true,"href":"https:\/\/www.diarioimagen.net\/index.php?rest_route=%2Fwp%2Fv2%2Fcomments&post=615026"}],"version-history":[{"count":0,"href":"https:\/\/www.diarioimagen.net\/index.php?rest_route=\/wp\/v2\/posts\/615026\/revisions"}],"wp:featuredmedia":[{"embeddable":true,"href":"https:\/\/www.diarioimagen.net\/index.php?rest_route=\/wp\/v2\/media\/615124"}],"wp:attachment":[{"href":"https:\/\/www.diarioimagen.net\/index.php?rest_route=%2Fwp%2Fv2%2Fmedia&parent=615026"}],"wp:term":[{"taxonomy":"category","embeddable":true,"href":"https:\/\/www.diarioimagen.net\/index.php?rest_route=%2Fwp%2Fv2%2Fcategories&post=615026"},{"taxonomy":"post_tag","embeddable":true,"href":"https:\/\/www.diarioimagen.net\/index.php?rest_route=%2Fwp%2Fv2%2Ftags&post=615026"}],"curies":[{"name":"wp","href":"https:\/\/api.w.org\/{rel}","templated":true}]}}