{"id":615028,"date":"2024-04-04T00:04:13","date_gmt":"2024-04-04T06:04:13","guid":{"rendered":"https:\/\/www.diarioimagen.net\/?p=615028"},"modified":"2024-04-04T01:16:14","modified_gmt":"2024-04-04T07:16:14","slug":"se-deslinda-el-pt-de-morena-en-cuautitlan-afirma-el-carlos-vega","status":"publish","type":"post","link":"https:\/\/www.diarioimagen.net\/?p=615028","title":{"rendered":"Se deslinda el PT de Morena en Cuautitl\u00e1n, afirma el Carlos Vega"},"content":{"rendered":"<p>&nbsp;<\/p>\n<ul>\n<li><em><strong>\u201cHa olvidado los principios b\u00e1sicos\u201d<\/strong><\/em><\/li>\n<\/ul>\n<p><strong>\u00a0<\/strong><\/p>\n<h6>Arturo Baena<\/h6>\n<p>&nbsp;<\/p>\n<div id=\"attachment_615130\" style=\"width: 470px\" class=\"wp-caption aligncenter\"><a href=\"https:\/\/www.diarioimagen.net\/?attachment_id=615130\" rel=\"attachment wp-att-615130\"><img loading=\"lazy\" decoding=\"async\" aria-describedby=\"caption-attachment-615130\" class=\"size-full wp-image-615130\" src=\"https:\/\/www.diarioimagen.net\/wp-content\/uploads\/2024\/04\/se-deslinda-el-pt.jpg\" alt=\"\" width=\"460\" height=\"270\" \/><\/a><p id=\"caption-attachment-615130\" class=\"wp-caption-text\">El Partido del Trabajo se deslinda de Morena e ir\u00e1 s\u00f3lo en la pr\u00f3xima contienda municipal, se\u00f1al\u00f3 Carlos Vega, dirigente del PT en Cuautitl\u00e1n, M\u00e9xico.<\/p><\/div>\n<p>&nbsp;<\/p>\n<p><strong>Cuautitl\u00e1n, Estado de M\u00e9xico.\u2014<\/strong> De ninguna manera y bajo ning\u00fan concepto, seremos lacayos de nadie. Hoy, desde aqu\u00ed,\u00a0 nos deslindamos del Movimiento de Regeneraci\u00f3n Nacional (Morena), partido que ha olvidado los principios b\u00e1sicos, como lo es el no traicionar.<\/p>\n<p>As\u00ed lo expres\u00f3 Carlos Vega, dirigente municipal del Partido del Trabajo (PT) en este municipio, quien a lo largo de 30 a\u00f1os ha logrado el cari\u00f1o y respeto ciudadano, sin embargo, muchos petistas, as\u00ed lo dice, est\u00e1n en contra de la alianza con Morena y el PVEM, pues reitera \u201cMorena ha olvidado los principios b\u00e1sicos de no traicionar y no mentir\u201d.<\/p>\n<p>El dirigente partidista abund\u00f3 que \u201choy en Cuautitl\u00e1n nos sentimos agraviados, Morena ha preferido traer a lo m\u00e1s negro de otros partidos para hacer alianza con ellos, en la contienda municipal del pr\u00f3ximo 2 de junio, mientras a nosotros a los del PT, que siempre estuvimos con Morena en los momentos m\u00e1s dif\u00edciles, nos han hecho a un lado para dar paso a los m\u00e1s corruptos de otros partidos\u201d, insisti\u00f3.<\/p>\n<p>Por ello, se\u00f1al\u00f3 Carlos Vega, \u201cm\u00e1s vale solo que mal acompa\u00f1ado, el Partido del Trabajo se deslinda de Morena e ira s\u00f3lo en la pr\u00f3xima contienda municipal, es decir, para la presidencia municipal y\u00a0 le decimos no a su candidata o candidato, porque ya no representan al pueblo, ya la soberbia los envileci\u00f3\u201d.<\/p>\n<p>Finalmente, el l\u00edder del PT se\u00f1al\u00f3 que \u201cla militancia nos pidi\u00f3 que por orgullo y dignidad no hacerle el caldo gordo a Morena, que va a ser del PT si ya los espacios los han repartido entre priistas, entre panistas que salieron vergonzosamente por corruptos y hoy son los consentidos de quienes se dicen ser los que mandan en morena, pues con nuestro voto, que no cuenten\u201d.<\/p>\n","protected":false},"excerpt":{"rendered":"<p>De ninguna manera y bajo ning\u00fan concepto, seremos lacayos de nadie. Hoy, desde aqu\u00ed,\u00a0 nos deslindamos del Movimiento de Regeneraci\u00f3n Nacional (Morena), partido que ha olvidado los principios b\u00e1sicos, como lo es el no traicionar.<\/p>\n","protected":false},"author":3,"featured_media":615130,"comment_status":"open","ping_status":"open","sticky":false,"template":"","format":"standard","meta":{"_monsterinsights_skip_tracking":false,"_monsterinsights_sitenote_active":false,"_monsterinsights_sitenote_note":"","_monsterinsights_sitenote_category":0,"footnotes":""},"categories":[5],"tags":[681,43675],"class_list":["post-615028","post","type-post","status-publish","format-standard","has-post-thumbnail","hentry","category-estado-de-mexico","tag-cuautitlan","tag-estado-de-mexico"],"_links":{"self":[{"href":"https:\/\/www.diarioimagen.net\/index.php?rest_route=\/wp\/v2\/posts\/615028","targetHints":{"allow":["GET"]}}],"collection":[{"href":"https:\/\/www.diarioimagen.net\/index.php?rest_route=\/wp\/v2\/posts"}],"about":[{"href":"https:\/\/www.diarioimagen.net\/index.php?rest_route=\/wp\/v2\/types\/post"}],"author":[{"embeddable":true,"href":"https:\/\/www.diarioimagen.net\/index.php?rest_route=\/wp\/v2\/users\/3"}],"replies":[{"embeddable":true,"href":"https:\/\/www.diarioimagen.net\/index.php?rest_route=%2Fwp%2Fv2%2Fcomments&post=615028"}],"version-history":[{"count":0,"href":"https:\/\/www.diarioimagen.net\/index.php?rest_route=\/wp\/v2\/posts\/615028\/revisions"}],"wp:featuredmedia":[{"embeddable":true,"href":"https:\/\/www.diarioimagen.net\/index.php?rest_route=\/wp\/v2\/media\/615130"}],"wp:attachment":[{"href":"https:\/\/www.diarioimagen.net\/index.php?rest_route=%2Fwp%2Fv2%2Fmedia&parent=615028"}],"wp:term":[{"taxonomy":"category","embeddable":true,"href":"https:\/\/www.diarioimagen.net\/index.php?rest_route=%2Fwp%2Fv2%2Fcategories&post=615028"},{"taxonomy":"post_tag","embeddable":true,"href":"https:\/\/www.diarioimagen.net\/index.php?rest_route=%2Fwp%2Fv2%2Ftags&post=615028"}],"curies":[{"name":"wp","href":"https:\/\/api.w.org\/{rel}","templated":true}]}}