{"id":615030,"date":"2024-04-04T00:03:41","date_gmt":"2024-04-04T06:03:41","guid":{"rendered":"https:\/\/www.diarioimagen.net\/?p=615030"},"modified":"2024-04-04T01:15:34","modified_gmt":"2024-04-04T07:15:34","slug":"karla-fiesco-garcia-sigue-lidereando-encuestas-en-cuautitlan-izcalli","status":"publish","type":"post","link":"https:\/\/www.diarioimagen.net\/?p=615030","title":{"rendered":"Karla Fiesco Garc\u00eda sigue lidereando encuestas en Cuautitl\u00e1n Izcalli\u00a0"},"content":{"rendered":"<p>&nbsp;<\/p>\n<ul>\n<li><em><strong>A unos d\u00edas de las designaciones de candidaturas<\/strong><\/em><\/li>\n<\/ul>\n<p><strong>\u00a0<\/strong><\/p>\n<h6>Arturo Baena<\/h6>\n<p>&nbsp;<\/p>\n<p><a href=\"https:\/\/www.diarioimagen.net\/?attachment_id=615128\" rel=\"attachment wp-att-615128\"><img loading=\"lazy\" decoding=\"async\" class=\"aligncenter size-full wp-image-615128\" src=\"https:\/\/www.diarioimagen.net\/wp-content\/uploads\/2024\/04\/karla-fiesco-sigue.jpg\" alt=\"\" width=\"460\" height=\"270\" \/><\/a><\/p>\n<p>&nbsp;<\/p>\n<p><strong>Cuautitl\u00e1n Izcalli, Estado de M\u00e9xico.\u2014<\/strong> Seg\u00fan varias encuestas dadas a conocer a unos d\u00edas de que la alianza Fuerza y Coraz\u00f3n por M\u00e9xico. defina a sus candidatos a cargos de elecci\u00f3n popular, la presidenta municipal Karla Fiesco Garc\u00eda, contin\u00faa lidereando, con amplio margen de ventaja, las preferencias electorales en Cuautitl\u00e1n Izcalli.<\/p>\n<p>Las distintas encuestas establecen que tiene amplias posibilidades de ser reelecta para la alcald\u00eda tal y como lo dio a conocer la empresa Rubrum, que ubica a Karla Fiesco con 43.6 por ciento y de bajo a Daniel Serrano con 40.9 por ciento, es decir que, si hoy fueran las elecciones, la actual alcaldesa volver\u00eda a ganar ese importante municipio.<\/p>\n<p>Lo anterior es producto de un gobierno cercano a la gente y eficiente. La presidenta municipal, propios y extra\u00f1os lo reconocen, pues \u201cha logrado un fuerte reposicionamiento en los estudios de opini\u00f3n de los \u00faltimos meses, por su buena gesti\u00f3n\u201d, dicen l\u00edderes sociales.<\/p>\n<p>De acuerdo a los resultados de la encuestadora RUBRUM, la alcaldesa obtuvo en octubre pasado 45.4 puntos porcentuales de aprobaci\u00f3n de ciudadanos que respondieron a la pregunta: \u00bfvotar\u00eda usted por la reelecci\u00f3n de Karla Fiesco como alcaldesa de Cuautitl\u00e1n Izcalli?<\/p>\n<p>Mientras tanto, dirigentes partidistas que conforman la alianza entre el PRI, PAN y PRD, coinciden en que Karla Fiesco, es garant\u00eda de triunfo para dar continuidad a una administraci\u00f3n eficaz en favor de las y los izcallenses.<\/p>\n","protected":false},"excerpt":{"rendered":"<p>Seg\u00fan varias encuestas dadas a conocer a unos d\u00edas de que la alianza Fuerza y Coraz\u00f3n por M\u00e9xico. defina a sus candidatos a cargos de elecci\u00f3n popular, la presidenta municipal Karla Fiesco Garc\u00eda, contin\u00faa lidereando, con amplio margen de ventaja, las preferencias electorales en Cuautitl\u00e1n Izcalli.<\/p>\n","protected":false},"author":3,"featured_media":615128,"comment_status":"open","ping_status":"open","sticky":false,"template":"","format":"standard","meta":{"_monsterinsights_skip_tracking":false,"_monsterinsights_sitenote_active":false,"_monsterinsights_sitenote_note":"","_monsterinsights_sitenote_category":0,"footnotes":""},"categories":[5],"tags":[67990,93011],"class_list":["post-615030","post","type-post","status-publish","format-standard","has-post-thumbnail","hentry","category-estado-de-mexico","tag-encuesta","tag-karla-fiesco-garcia"],"_links":{"self":[{"href":"https:\/\/www.diarioimagen.net\/index.php?rest_route=\/wp\/v2\/posts\/615030","targetHints":{"allow":["GET"]}}],"collection":[{"href":"https:\/\/www.diarioimagen.net\/index.php?rest_route=\/wp\/v2\/posts"}],"about":[{"href":"https:\/\/www.diarioimagen.net\/index.php?rest_route=\/wp\/v2\/types\/post"}],"author":[{"embeddable":true,"href":"https:\/\/www.diarioimagen.net\/index.php?rest_route=\/wp\/v2\/users\/3"}],"replies":[{"embeddable":true,"href":"https:\/\/www.diarioimagen.net\/index.php?rest_route=%2Fwp%2Fv2%2Fcomments&post=615030"}],"version-history":[{"count":0,"href":"https:\/\/www.diarioimagen.net\/index.php?rest_route=\/wp\/v2\/posts\/615030\/revisions"}],"wp:featuredmedia":[{"embeddable":true,"href":"https:\/\/www.diarioimagen.net\/index.php?rest_route=\/wp\/v2\/media\/615128"}],"wp:attachment":[{"href":"https:\/\/www.diarioimagen.net\/index.php?rest_route=%2Fwp%2Fv2%2Fmedia&parent=615030"}],"wp:term":[{"taxonomy":"category","embeddable":true,"href":"https:\/\/www.diarioimagen.net\/index.php?rest_route=%2Fwp%2Fv2%2Fcategories&post=615030"},{"taxonomy":"post_tag","embeddable":true,"href":"https:\/\/www.diarioimagen.net\/index.php?rest_route=%2Fwp%2Fv2%2Ftags&post=615030"}],"curies":[{"name":"wp","href":"https:\/\/api.w.org\/{rel}","templated":true}]}}