{"id":615205,"date":"2024-04-05T00:02:08","date_gmt":"2024-04-05T06:02:08","guid":{"rendered":"https:\/\/www.diarioimagen.net\/?p=615205"},"modified":"2024-04-05T02:35:21","modified_gmt":"2024-04-05T08:35:21","slug":"si-no-se-procura-unidad-en-morena-se-perdera-tlalnepantla-jonas-sandoval-orozco","status":"publish","type":"post","link":"https:\/\/www.diarioimagen.net\/?p=615205","title":{"rendered":"Si no se procura unidad en Morena se perder\u00e1 Tlalnepantla: Jonas Sandoval Orozco"},"content":{"rendered":"<p>&nbsp;<\/p>\n<ul>\n<li><em><strong>Llamado a impulsar a Raciel P\u00e9rez<\/strong><\/em><\/li>\n<\/ul>\n<p><strong>\u00a0<\/strong><\/p>\n<h6>Arturo Baena<\/h6>\n<p>&nbsp;<\/p>\n<div id=\"attachment_615304\" style=\"width: 470px\" class=\"wp-caption aligncenter\"><a href=\"https:\/\/www.diarioimagen.net\/?attachment_id=615304\" rel=\"attachment wp-att-615304\"><img loading=\"lazy\" decoding=\"async\" aria-describedby=\"caption-attachment-615304\" class=\"size-full wp-image-615304\" src=\"https:\/\/www.diarioimagen.net\/wp-content\/uploads\/2024\/04\/si-no-se-procura-unidad.jpg\" alt=\"\" width=\"460\" height=\"270\" \/><\/a><p id=\"caption-attachment-615304\" class=\"wp-caption-text\">Jonas Sandoval Orozco llam\u00f3 a empujar fuerte la candidatura Raciel P\u00e9rez Cruz.<\/p><\/div>\n<p>&nbsp;<\/p>\n<p><strong>Tlalnepantla, Estado de M\u00e9xico.\u2014<\/strong> La victoria electoral del pr\u00f3ximo 2 de junio en Tlalnepantla depende de que Morena avance en unidad y haya respaldo a los verdaderos liderazgos, pues de lo contrario se corre el riesgo de que siga en el poder la coalici\u00f3n conformada por el PRI, PAN y PRD.<\/p>\n<p>As\u00ed lo expres\u00f3 en entrevista el l\u00edder social Jonas Sandoval Orozco, al tiempo de destacar que, se tiene que empujar fuerte la candidatura del coordinador de los comit\u00e9s de la 4T en ese municipio, Raciel P\u00e9rez Cruz.<\/p>\n<p>Sandoval Orozco, encabez\u00f3 una reuni\u00f3n a la que acudieron los dirigentes m\u00e1s importantes e hist\u00f3ricos del partido guinda en la demarcaci\u00f3n, entre otros, Josefina Salinas, Rafael Valdepe\u00f1as y Zully Mart\u00ednez, con quienes intercambi\u00f3 puntos de vista sobre lo que cada uno vivi\u00f3 en el proceso interno.<\/p>\n<p>\u201cS\u00f3lo a trav\u00e9s de acuerdos concretados con l\u00edderes morenistas de esta ciudad y con\u00a0 aquellos que verdaderamente tienen presencia y una trayectoria dentro del Movimiento Regeneraci\u00f3n Nacional, es como se podr\u00e1 sacar adelante la elecci\u00f3n del pr\u00f3ximo 2 de junio\u201d, reiter\u00f3.<\/p>\n<p>Por otra parte, Jon\u00e1s Sandoval, indic\u00f3 que, de ah\u00ed la trascendencia de ese encuentro con los l\u00edderes de los primeros equipos de morena, \u201clos que tienen poder de convocatoria y son cercanos a los militantes, para afianzar la cohesi\u00f3n interna y que se trabaje con un proyecto inclusivo, en el que sumar\u00e1n de manera decidida al candidato, para que el resultado de la contienda sea favorable a la causa de la izquierda\u201d, dijo.<\/p>\n<p>Finalmente, el l\u00edder social, record\u00f3 que \u201cde no apostarle a los liderazgos con arraigo y trabajo dentro de Morena,\u00a0 existe el peligro de que contin\u00fae el PRIAN gobernando, pues el\u00a0 alcalde aliancista, Marco Antonio Rodr\u00edguez, se jugar\u00e1\u00a0 su \u00faltima carta, ya que terminada su administraci\u00f3n,\u00a0 no podr\u00eda ser refugiado en el gobierno estatal\u00a0 ni el federal\u201d, concluy\u00f3.<\/p>\n","protected":false},"excerpt":{"rendered":"<p>La victoria electoral del pr\u00f3ximo 2 de junio en Tlalnepantla depende de que Morena avance en unidad y haya respaldo a los verdaderos liderazgos, pues de lo contrario se corre el riesgo de que siga en el poder la coalici\u00f3n conformada por el PRI, PAN y PRD.<\/p>\n","protected":false},"author":3,"featured_media":615304,"comment_status":"open","ping_status":"open","sticky":false,"template":"","format":"standard","meta":{"_monsterinsights_skip_tracking":false,"_monsterinsights_sitenote_active":false,"_monsterinsights_sitenote_note":"","_monsterinsights_sitenote_category":0,"footnotes":""},"categories":[5],"tags":[43675,211,169],"class_list":["post-615205","post","type-post","status-publish","format-standard","has-post-thumbnail","hentry","category-estado-de-mexico","tag-estado-de-mexico","tag-prd","tag-tlalnepantla"],"_links":{"self":[{"href":"https:\/\/www.diarioimagen.net\/index.php?rest_route=\/wp\/v2\/posts\/615205","targetHints":{"allow":["GET"]}}],"collection":[{"href":"https:\/\/www.diarioimagen.net\/index.php?rest_route=\/wp\/v2\/posts"}],"about":[{"href":"https:\/\/www.diarioimagen.net\/index.php?rest_route=\/wp\/v2\/types\/post"}],"author":[{"embeddable":true,"href":"https:\/\/www.diarioimagen.net\/index.php?rest_route=\/wp\/v2\/users\/3"}],"replies":[{"embeddable":true,"href":"https:\/\/www.diarioimagen.net\/index.php?rest_route=%2Fwp%2Fv2%2Fcomments&post=615205"}],"version-history":[{"count":0,"href":"https:\/\/www.diarioimagen.net\/index.php?rest_route=\/wp\/v2\/posts\/615205\/revisions"}],"wp:featuredmedia":[{"embeddable":true,"href":"https:\/\/www.diarioimagen.net\/index.php?rest_route=\/wp\/v2\/media\/615304"}],"wp:attachment":[{"href":"https:\/\/www.diarioimagen.net\/index.php?rest_route=%2Fwp%2Fv2%2Fmedia&parent=615205"}],"wp:term":[{"taxonomy":"category","embeddable":true,"href":"https:\/\/www.diarioimagen.net\/index.php?rest_route=%2Fwp%2Fv2%2Fcategories&post=615205"},{"taxonomy":"post_tag","embeddable":true,"href":"https:\/\/www.diarioimagen.net\/index.php?rest_route=%2Fwp%2Fv2%2Ftags&post=615205"}],"curies":[{"name":"wp","href":"https:\/\/api.w.org\/{rel}","templated":true}]}}