{"id":615345,"date":"2024-04-08T00:09:32","date_gmt":"2024-04-08T06:09:32","guid":{"rendered":"https:\/\/www.diarioimagen.net\/?p=615345"},"modified":"2024-04-08T01:31:07","modified_gmt":"2024-04-08T07:31:07","slug":"estado-de-mexico-mostrara-su-grandeza-cultural-y-turistica-en-el-tianguis-turistico-2024","status":"publish","type":"post","link":"https:\/\/www.diarioimagen.net\/?p=615345","title":{"rendered":"Estado de M\u00e9xico mostrar\u00e1 su grandeza cultural y tur\u00edstica en el Tianguis Tur\u00edstico 2024"},"content":{"rendered":"<p>&nbsp;<\/p>\n<h2 style=\"text-align: center;\">Se llevar\u00e1 a cabo en Acapulco, del 10 al 12 de abril<\/h2>\n<p>&nbsp;<\/p>\n<ul>\n<li><strong><em>Participar\u00e1n artesanas y artesanos, representantes del AIFA y del AIT, c\u00e1maras empresariales y prestadores de servicios tur\u00edsticos<\/em><\/strong><\/li>\n<\/ul>\n<p><strong>\u00a0<\/strong><\/p>\n<div id=\"attachment_615444\" style=\"width: 470px\" class=\"wp-caption aligncenter\"><a href=\"https:\/\/www.diarioimagen.net\/?attachment_id=615444\" rel=\"attachment wp-att-615444\"><img loading=\"lazy\" decoding=\"async\" aria-describedby=\"caption-attachment-615444\" class=\"size-full wp-image-615444\" src=\"https:\/\/www.diarioimagen.net\/wp-content\/uploads\/2024\/04\/edomex-mostrara-su-grandeza.jpg\" alt=\"\" width=\"460\" height=\"270\" \/><\/a><p id=\"caption-attachment-615444\" class=\"wp-caption-text\">La Secretar\u00eda de Cultura y Turismo del Estado de M\u00e9xico se prepara para participar, del 10 al 12 de abril de 2024, en la edici\u00f3n 48 del Tianguis Tur\u00edstico M\u00e9xico en Acapulco, Guerrero.<\/p><\/div>\n<p>&nbsp;<\/p>\n<p><strong>Toluca, Estado de M\u00e9xico.\u2014<\/strong> Con el objetivo de promocionar tur\u00edsticamente a nivel nacional e internacional al Estado de M\u00e9xico,\u00a0 prestadores de servicios tur\u00edsticos, c\u00e1maras empresariales, artesanas y artesanos, as\u00ed como personal de la Secretar\u00eda de Cultura y Turismo se preparan para participar, del 10 al 12 de abril de 2024, en la edici\u00f3n 48 del Tianguis Tur\u00edstico M\u00e9xico en Acapulco, Guerrero.<\/p>\n<p>Este a\u00f1o, a diferencia de otras ediciones, el Estado de M\u00e9xico no s\u00f3lo se enfocar\u00e1 en promocionar la riqueza natural, cultural, hist\u00f3rica, artesanal y gastron\u00f3mica de los 12 Pueblos M\u00e1gicos, sino tambi\u00e9n de los 25 Pueblos con Encanto como Temoaya, Jocotitl\u00e1n y Donato Guerra y municipios con vocaci\u00f3n tur\u00edstica.\u00a0 En el estand del Estado de M\u00e9xico estar\u00e1n presentes representantes del Aeropuerto Internacional \u201cFelipe \u00c1ngeles\u201d (AIFA) y del Aeropuerto Internacional de Toluca (AIT) para fortalecer sus espacios, a trav\u00e9s de las citas de negocios con compradores nacionales e internacionales.<\/p>\n<p>Aqu\u00ed se compartir\u00e1 con empresarios que el Estado de M\u00e9xico tambi\u00e9n es un destino relevante para la industria de reuniones, a trav\u00e9s de sedes para la realizaci\u00f3n de exposiciones, ferias, convenciones y festivales, como es el Centro de Convenciones Estado de M\u00e9xico, ubicado en la capital mexiquense.<\/p>\n<p>En la rama artesanal se contar\u00e1 con la presencia de artesanas y artesanos, quienes vender\u00e1n productos elaborados en madera, como molinillos y art\u00edculos utilitarios; en gastronom\u00eda habr\u00e1 rompope y licores de frutas, mientras que en los textiles se expondr\u00e1n tapetes anudados y rebozos; en la alfarer\u00eda, habr\u00e1 piezas como jarros, platos, \u00e1rboles de la vida, soles y eclipses.<\/p>\n<p>El Tianguis Tur\u00edstico es el evento m\u00e1s relevante del sector turismo a nivel internacional y un foro de negocios basado en citas preestablecidas, entre compradores y expositores nacionales e internacionales, en el que se exhiben los destinos de los 32 estados de la Rep\u00fablica Mexicana.<\/p>\n<p>Este a\u00f1o se esperan m\u00e1s de 5 mil 300 expositores, m\u00e1s de 2 mil 300 compradores y 90 pa\u00edses.<\/p>\n","protected":false},"excerpt":{"rendered":"<p>Con el objetivo de promocionar tur\u00edsticamente a nivel nacional e internacional\u00a0al\u00a0Estado de M\u00e9xico,\u00a0 prestadores de servicios tur\u00edsticos, c\u00e1maras empresariales, artesanas y artesanos, as\u00ed como personal de la Secretar\u00eda de Cultura y Turismo se preparan para participar, del 10 al 12 de abril de 2024, en la edici\u00f3n 48 del Tianguis Tur\u00edstico M\u00e9xico en Acapulco, Guerrero.<\/p>\n","protected":false},"author":3,"featured_media":615444,"comment_status":"open","ping_status":"open","sticky":false,"template":"","format":"standard","meta":{"_monsterinsights_skip_tracking":false,"_monsterinsights_sitenote_active":false,"_monsterinsights_sitenote_note":"","_monsterinsights_sitenote_category":0,"footnotes":""},"categories":[5],"tags":[99745,16876],"class_list":["post-615345","post","type-post","status-publish","format-standard","has-post-thumbnail","hentry","category-estado-de-mexico","tag-secretaria-de-cultura-y-turismo-del-estado-de-mexico","tag-tianguis-turistico"],"_links":{"self":[{"href":"https:\/\/www.diarioimagen.net\/index.php?rest_route=\/wp\/v2\/posts\/615345","targetHints":{"allow":["GET"]}}],"collection":[{"href":"https:\/\/www.diarioimagen.net\/index.php?rest_route=\/wp\/v2\/posts"}],"about":[{"href":"https:\/\/www.diarioimagen.net\/index.php?rest_route=\/wp\/v2\/types\/post"}],"author":[{"embeddable":true,"href":"https:\/\/www.diarioimagen.net\/index.php?rest_route=\/wp\/v2\/users\/3"}],"replies":[{"embeddable":true,"href":"https:\/\/www.diarioimagen.net\/index.php?rest_route=%2Fwp%2Fv2%2Fcomments&post=615345"}],"version-history":[{"count":0,"href":"https:\/\/www.diarioimagen.net\/index.php?rest_route=\/wp\/v2\/posts\/615345\/revisions"}],"wp:featuredmedia":[{"embeddable":true,"href":"https:\/\/www.diarioimagen.net\/index.php?rest_route=\/wp\/v2\/media\/615444"}],"wp:attachment":[{"href":"https:\/\/www.diarioimagen.net\/index.php?rest_route=%2Fwp%2Fv2%2Fmedia&parent=615345"}],"wp:term":[{"taxonomy":"category","embeddable":true,"href":"https:\/\/www.diarioimagen.net\/index.php?rest_route=%2Fwp%2Fv2%2Fcategories&post=615345"},{"taxonomy":"post_tag","embeddable":true,"href":"https:\/\/www.diarioimagen.net\/index.php?rest_route=%2Fwp%2Fv2%2Ftags&post=615345"}],"curies":[{"name":"wp","href":"https:\/\/api.w.org\/{rel}","templated":true}]}}