{"id":615495,"date":"2024-04-09T00:03:58","date_gmt":"2024-04-09T06:03:58","guid":{"rendered":"https:\/\/www.diarioimagen.net\/?p=615495"},"modified":"2024-04-09T01:53:52","modified_gmt":"2024-04-09T07:53:52","slug":"a-naucalpenses-hay-que-hablarles-de-frente-y-con-la-verdad-ursula-cortes","status":"publish","type":"post","link":"https:\/\/www.diarioimagen.net\/?p=615495","title":{"rendered":"A naucalpenses hay que hablarles de Frente y con la verdad: \u00darsula Cort\u00e9s"},"content":{"rendered":"<p>&nbsp;<\/p>\n<ul>\n<li><em><strong>\u201cNadie detendr\u00e1 el cambio que viene\u201d<\/strong><\/em><\/li>\n<\/ul>\n<p><strong>\u00a0<\/strong><\/p>\n<h6>Arturo Baena<\/h6>\n<p>&nbsp;<\/p>\n<div id=\"attachment_615610\" style=\"width: 470px\" class=\"wp-caption aligncenter\"><a href=\"https:\/\/www.diarioimagen.net\/?attachment_id=615610\" rel=\"attachment wp-att-615610\"><img loading=\"lazy\" decoding=\"async\" aria-describedby=\"caption-attachment-615610\" class=\"size-full wp-image-615610\" src=\"https:\/\/www.diarioimagen.net\/wp-content\/uploads\/2024\/04\/naucalpenses.jpg\" alt=\"\" width=\"460\" height=\"270\" \/><\/a><p id=\"caption-attachment-615610\" class=\"wp-caption-text\">La candidata \u00darsula Cort\u00e9s Fern\u00e1ndez se\u00f1al\u00f3 que \u201cde la mano de X\u00f3chitl G\u00e1lvez y con el apoyo del pueblo de M\u00e9xico, nadie detendr\u00e1 el cambio que viene\u201d.<\/p><\/div>\n<p>&nbsp;<\/p>\n<p><strong>Naucalpan, Estado de M\u00e9xico.\u2014<\/strong> A la ciudadan\u00eda se le convence con propuestas reales y no con mentiras y enga\u00f1os. A los naucalpenses, hay que hablarles de frente y con la verdad, toda vez que, en carne propia y sus familias, han sufrido mentira tras mentira. Hoy les vamos a cumplir con hechos sus demandas m\u00e1s apremiantes.<\/p>\n<p>As\u00ed lo se\u00f1al\u00f3 en entrevista, \u00darsula Cort\u00e9s Fern\u00e1ndez, candidata de la alianza Fuerza y Coraz\u00f3n por M\u00e9xico, al tiempo de asegurar que, \u201che escuchado con atenci\u00f3n las necesidades de la ciudadan\u00eda, que, con leg\u00edtimo derecho, piden y exigen.\u00a0 el regreso de estancias infantiles, seguridad social, medicamentos, trabajo y una mejor calidad de vida, entre otras cosas, que, desde el Congreso de la Uni\u00f3n, me comprometo a regresar\u201d.<\/p>\n<p>Cort\u00e9s Fern\u00e1ndez destac\u00f3 que \u201chay a quienes se les hace f\u00e1cil prometer cosas que son imposibles de cumplir, con el \u00fanico objeto de mantenerse en el \u00e1mbito pol\u00edtico, pero ello se acab\u00f3. Hoy a la sociedad no tan f\u00e1cil se le enga\u00f1a y saben qui\u00e9n s\u00ed les cumplir\u00e1, hay que hablar de frente y con la verdad\u201d.<\/p>\n<p>Por otra parte, la joven candidata, fue clara al se\u00f1alar que \u201cde la mano de X\u00f3chitl G\u00e1lvez y con el apoyo del pueblo de M\u00e9xico, nadie detendr\u00e1 el cambio que viene. Ya no permitiremos m\u00e1s mentiras ni enga\u00f1os de nadie\u201d.<\/p>\n<p>Finalmente, y al continuar con su campa\u00f1a pol\u00edtica, \u00darsula Cort\u00e9s refrend\u00f3 su compromiso de velar por las y los habitantes, no s\u00f3lo de Naucalpan, el Estado de M\u00e9xico, sino de pa\u00eds.<\/p>\n<p>\u201cNo voy a prometer cosas que no pueda cumplir. Hoy estamos haciendo una campa\u00f1a directa y de frente con la sociedad. Ya no m\u00e1s enga\u00f1os ni mentiras a quienes exigen que nuestro pa\u00eds cambie en favor de nuestras familias\u201d, concluy\u00f3.<\/p>\n","protected":false},"excerpt":{"rendered":"<p>A la ciudadan\u00eda se le convence con propuestas reales y no con mentiras y enga\u00f1os. A los naucalpenses, hay que hablarles de frente y con la verdad, toda vez que, en carne propia y sus familias, han sufrido mentira tras mentira. Hoy les vamos a cumplir con hechos sus demandas m\u00e1s apremiantes.<\/p>\n","protected":false},"author":3,"featured_media":615610,"comment_status":"open","ping_status":"open","sticky":false,"template":"","format":"standard","meta":{"_monsterinsights_skip_tracking":false,"_monsterinsights_sitenote_active":false,"_monsterinsights_sitenote_note":"","_monsterinsights_sitenote_category":0,"footnotes":""},"categories":[5],"tags":[43675,99751,970,81901],"class_list":["post-615495","post","type-post","status-publish","format-standard","has-post-thumbnail","hentry","category-estado-de-mexico","tag-estado-de-mexico","tag-hablarles","tag-naucalpan","tag-verdad"],"_links":{"self":[{"href":"https:\/\/www.diarioimagen.net\/index.php?rest_route=\/wp\/v2\/posts\/615495","targetHints":{"allow":["GET"]}}],"collection":[{"href":"https:\/\/www.diarioimagen.net\/index.php?rest_route=\/wp\/v2\/posts"}],"about":[{"href":"https:\/\/www.diarioimagen.net\/index.php?rest_route=\/wp\/v2\/types\/post"}],"author":[{"embeddable":true,"href":"https:\/\/www.diarioimagen.net\/index.php?rest_route=\/wp\/v2\/users\/3"}],"replies":[{"embeddable":true,"href":"https:\/\/www.diarioimagen.net\/index.php?rest_route=%2Fwp%2Fv2%2Fcomments&post=615495"}],"version-history":[{"count":0,"href":"https:\/\/www.diarioimagen.net\/index.php?rest_route=\/wp\/v2\/posts\/615495\/revisions"}],"wp:featuredmedia":[{"embeddable":true,"href":"https:\/\/www.diarioimagen.net\/index.php?rest_route=\/wp\/v2\/media\/615610"}],"wp:attachment":[{"href":"https:\/\/www.diarioimagen.net\/index.php?rest_route=%2Fwp%2Fv2%2Fmedia&parent=615495"}],"wp:term":[{"taxonomy":"category","embeddable":true,"href":"https:\/\/www.diarioimagen.net\/index.php?rest_route=%2Fwp%2Fv2%2Fcategories&post=615495"},{"taxonomy":"post_tag","embeddable":true,"href":"https:\/\/www.diarioimagen.net\/index.php?rest_route=%2Fwp%2Fv2%2Ftags&post=615495"}],"curies":[{"name":"wp","href":"https:\/\/api.w.org\/{rel}","templated":true}]}}