{"id":615672,"date":"2024-04-10T00:07:59","date_gmt":"2024-04-10T06:07:59","guid":{"rendered":"https:\/\/www.diarioimagen.net\/?p=615672"},"modified":"2024-04-10T21:55:49","modified_gmt":"2024-04-11T03:55:49","slug":"visualiza-comunidad-de-la-uaemex-eclipse-solar-total","status":"publish","type":"post","link":"https:\/\/www.diarioimagen.net\/?p=615672","title":{"rendered":"Visualiza comunidad de la UAEM\u00e9x eclipse solar total"},"content":{"rendered":"<p>&nbsp;<\/p>\n<ul>\n<li><strong><em>El rector de la Aut\u00f3noma mexiquense, Carlos Eduardo Barrera D\u00edaz, destac\u00f3 el esfuerzo de la instituci\u00f3n por realizar tareas de divulgaci\u00f3n del conocimiento<\/em><\/strong><\/li>\n<\/ul>\n<p><strong>\u00a0<\/strong><\/p>\n<div id=\"attachment_615759\" style=\"width: 470px\" class=\"wp-caption aligncenter\"><a href=\"https:\/\/www.diarioimagen.net\/?attachment_id=615759\" rel=\"attachment wp-att-615759\"><img loading=\"lazy\" decoding=\"async\" aria-describedby=\"caption-attachment-615759\" class=\"size-full wp-image-615759\" src=\"https:\/\/www.diarioimagen.net\/wp-content\/uploads\/2024\/04\/uaem-eclipse.jpg\" alt=\"\" width=\"460\" height=\"270\" \/><\/a><p id=\"caption-attachment-615759\" class=\"wp-caption-text\">Se realiz\u00f3 una transmisi\u00f3n desde Mazatl\u00e1n, Sinaloa, a trav\u00e9s de las redes de la UAEM\u00e9x. Participaron la Asociaci\u00f3n Astron\u00f3mica del Valle de Toluca, as\u00ed como integrantes de la Red Mexicana de Periodistas de Ciencia.<\/p><\/div>\n<p>&nbsp;<\/p>\n<p><strong>Toluca, Estado de M\u00e9xico.<\/strong>\u2014 Con la finalidad de acercar a la comunidad universitaria y sociedad mexiquense el desarrollo del eclipse solar total de este 8 de abril, la Universidad Aut\u00f3noma del Estado de M\u00e9xico (UAEM\u00e9x) dio seguimiento minuto a minuto del fen\u00f3meno, a trav\u00e9s de una transmisi\u00f3n en vivo y la colocaci\u00f3n de telescopios en diferentes espacios universitarios, respecto a lo cual, el rector Carlos Eduardo Barrera D\u00edaz destac\u00f3 la oportunidad que ofrecen este tipo de fen\u00f3menos para fortalecer la divulgaci\u00f3n de la ciencia.<\/p>\n<p>La transmisi\u00f3n se realiz\u00f3 desde Mazatl\u00e1n, Sinaloa, bajo la conducci\u00f3n de la directora General de Comunicaci\u00f3n Universitaria, Ginarely Valencia Alc\u00e1ntara, y el presidente de la Asociaci\u00f3n Astron\u00f3mica del Valle de Toluca, Selin Alejandro Gonz\u00e1lez Palomino. A lo largo de tres horas, estudiantado de la Facultad de Ciencias e integrantes de la Red Mexicana de Periodistas de Ciencia (Red MPC) ofrecieron datos relevantes sobre este fen\u00f3meno, que pudieron apreciar en su totalidad m\u00e1s de 22 mil espectadores virtuales.<\/p>\n<p>Durante la emisi\u00f3n, que se comparti\u00f3 en los auditorios de los 10 planteles de la Escuela Preparatoria, el rector Barrera D\u00edaz resalt\u00f3 que contemplar este fen\u00f3meno astron\u00f3mico permite acercar el conocimiento a la sociedad en general sobre \u00e1reas como astronom\u00eda, f\u00edsica y matem\u00e1ticas. Destac\u00f3 la oportunidad hist\u00f3rica que vivi\u00f3 la comunidad universitaria, debido a que el pr\u00f3ximo eclipse solar total ser\u00e1 hasta el 30 de marzo de 2052.<\/p>\n<p>Asimismo, en espacios universitarios como la Facultad de Ciencias, el edificio de Servicios al Estudiante, en Ciudad Universitaria, y el Edificio de Rector\u00eda, desde el Observatorio Meteorol\u00f3gico \u201cMariano B\u00e1rcena\u201d, se observ\u00f3 este fen\u00f3meno a trav\u00e9s de telescopios y lentes certificados para que personal universitario y el alumnado pudieran apreciarlo. En tanto, la Facultad de Geograf\u00eda contempl\u00f3 este eclipse en el Laboratorio Nacional de Observaci\u00f3n de la Tierra (LANOT), donde se sigui\u00f3 la transmisi\u00f3n universitaria y la de la Administraci\u00f3n Nacional de Aeron\u00e1utica y el Espacio (NASA) de los Estados Unidos.<\/p>\n<p><strong>\u00ac\u00ac\u00ac<\/strong><strong>\u00a0<\/strong><\/p>\n<p><strong>Se realiz\u00f3 una transmisi\u00f3n desde Mazatl\u00e1n<\/strong>, Sinaloa, a trav\u00e9s de las redes de la UAEM\u00e9x. Participaron la Asociaci\u00f3n Astron\u00f3mica del Valle de Toluca, as\u00ed como integrantes de la Red Mexicana de Periodistas de Ciencia.<\/p>\n","protected":false},"excerpt":{"rendered":"<p>Con la finalidad de acercar a la comunidad universitaria y sociedad mexiquense el desarrollo del eclipse solar total de este 8 de abril, la Universidad Aut\u00f3noma del Estado de M\u00e9xico (UAEM\u00e9x) dio seguimiento minuto a minuto del fen\u00f3meno, a trav\u00e9s de una transmisi\u00f3n en vivo y la colocaci\u00f3n de telescopios en diferentes espacios universitarios, respecto a lo cual, el rector Carlos Eduardo Barrera D\u00edaz destac\u00f3 la oportunidad que ofrecen este tipo de fen\u00f3menos para fortalecer la divulgaci\u00f3n de la ciencia.<\/p>\n","protected":false},"author":3,"featured_media":615759,"comment_status":"open","ping_status":"open","sticky":false,"template":"","format":"standard","meta":{"_monsterinsights_skip_tracking":false,"_monsterinsights_sitenote_active":false,"_monsterinsights_sitenote_note":"","_monsterinsights_sitenote_category":0,"footnotes":""},"categories":[5],"tags":[64439,67878],"class_list":["post-615672","post","type-post","status-publish","format-standard","has-post-thumbnail","hentry","category-estado-de-mexico","tag-eclipse-solar","tag-uaemex"],"_links":{"self":[{"href":"https:\/\/www.diarioimagen.net\/index.php?rest_route=\/wp\/v2\/posts\/615672","targetHints":{"allow":["GET"]}}],"collection":[{"href":"https:\/\/www.diarioimagen.net\/index.php?rest_route=\/wp\/v2\/posts"}],"about":[{"href":"https:\/\/www.diarioimagen.net\/index.php?rest_route=\/wp\/v2\/types\/post"}],"author":[{"embeddable":true,"href":"https:\/\/www.diarioimagen.net\/index.php?rest_route=\/wp\/v2\/users\/3"}],"replies":[{"embeddable":true,"href":"https:\/\/www.diarioimagen.net\/index.php?rest_route=%2Fwp%2Fv2%2Fcomments&post=615672"}],"version-history":[{"count":0,"href":"https:\/\/www.diarioimagen.net\/index.php?rest_route=\/wp\/v2\/posts\/615672\/revisions"}],"wp:featuredmedia":[{"embeddable":true,"href":"https:\/\/www.diarioimagen.net\/index.php?rest_route=\/wp\/v2\/media\/615759"}],"wp:attachment":[{"href":"https:\/\/www.diarioimagen.net\/index.php?rest_route=%2Fwp%2Fv2%2Fmedia&parent=615672"}],"wp:term":[{"taxonomy":"category","embeddable":true,"href":"https:\/\/www.diarioimagen.net\/index.php?rest_route=%2Fwp%2Fv2%2Fcategories&post=615672"},{"taxonomy":"post_tag","embeddable":true,"href":"https:\/\/www.diarioimagen.net\/index.php?rest_route=%2Fwp%2Fv2%2Ftags&post=615672"}],"curies":[{"name":"wp","href":"https:\/\/api.w.org\/{rel}","templated":true}]}}