{"id":615684,"date":"2024-04-10T00:03:18","date_gmt":"2024-04-10T06:03:18","guid":{"rendered":"https:\/\/www.diarioimagen.net\/?p=615684"},"modified":"2024-04-10T01:51:03","modified_gmt":"2024-04-10T07:51:03","slug":"el-ine-debe-poner-mas-atencion-a-los-debates-tomas-palomares-parra","status":"publish","type":"post","link":"https:\/\/www.diarioimagen.net\/?p=615684","title":{"rendered":"El INE debe poner m\u00e1s atenci\u00f3n a los debates: Tom\u00e1s Palomares Parra"},"content":{"rendered":"<p>&nbsp;<\/p>\n<ul>\n<li><em><strong>\u201cLe falt\u00f3 profesionalismo\u201d<\/strong><\/em><\/li>\n<\/ul>\n<p><strong>\u00a0<\/strong><\/p>\n<h6>Arturo Baena<\/h6>\n<p>&nbsp;<\/p>\n<div id=\"attachment_615798\" style=\"width: 470px\" class=\"wp-caption aligncenter\"><a href=\"https:\/\/www.diarioimagen.net\/?attachment_id=615798\" rel=\"attachment wp-att-615798\"><img loading=\"lazy\" decoding=\"async\" aria-describedby=\"caption-attachment-615798\" class=\"size-full wp-image-615798\" src=\"https:\/\/www.diarioimagen.net\/wp-content\/uploads\/2024\/04\/ine-debe-poner.jpg\" alt=\"\" width=\"460\" height=\"270\" \/><\/a><p id=\"caption-attachment-615798\" class=\"wp-caption-text\">Tom\u00e1s Palomares Parra asegur\u00f3 que en los pr\u00f3ximos encuentros de candidatos el \u00e1rbitro electoral debe de poner mucho m\u00e1s responsabilidad al desarrollo de los debates.<\/p><\/div>\n<p>&nbsp;<\/p>\n<p><strong>Naucalpan, Estado de M\u00e9xico.\u2014<\/strong> En su calidad de Consejero Pol\u00edtico del PRI del Estado de M\u00e9xico, Tom\u00e1s Palomares Parra puntualiz\u00f3 que \u201cno deben volver a ocurrir las fallas en un debate de tal magnitud. Al INE le falt\u00f3 profesionalismo y debe de tener m\u00e1s cuidado, pues est\u00e1 en juego la Presidencia de la Rep\u00fablica\u201d.<\/p>\n<p>Palomares Parra asegur\u00f3 que \u201cen los pr\u00f3ximos encuentros de los tres aspirantes presidenciales, el \u00e1rbitro electoral debe de poner mucho m\u00e1s responsabilidad al desarrollo de los debates a desarrollarse el 28 de abril y 19 de mayo\u201d.<\/p>\n<p>En cuanto a las propuestas de los abanderados, el joven pol\u00edtico destac\u00f3: \u201cDesde mi perspectiva, el debate lo gan\u00f3 X\u00f3chitl G\u00e1lvez, toda vez que fue la que present\u00f3 las mejores propuestas y puso los puntos sobre las \u00edes, contrario a lo que present\u00f3 Claudia Sheinbaum\u201d.<\/p>\n<p>El pol\u00edtico mexiquense remarc\u00f3 que \u201ctodo el pueblo de M\u00e9xico, sabe que Morena ha destrozado el sistema de salud, de educaci\u00f3n, la falta de medicinas, la desaparici\u00f3n de instituciones y la p\u00e9sima estrategia en materia de seguridad, entre otras cosas\u201d, manifest\u00f3.<\/p>\n<p>Por otra parte, el consejero pol\u00edtico priista abund\u00f3 que \u201ces evidente que Sheinbaum Pardo perdi\u00f3 el debate, al quedarse callada sobre temas como la ineficiencia en la pandemia, lo de la L\u00ednea 12 , lo del Colegio R\u00e9bsamen, y otros cuestionamientos de inter\u00e9s nacional y en los cuales, mejor call\u00f3\u201d.<\/p>\n<p>Afirm\u00f3 que \u201clo que le falt\u00f3 a X\u00f3chitl fue cuestionar en cu\u00e1ntas candidaturas de Morena recay\u00f3 en manos de ex priistas y ex panistas, que han sido desde gobernadores hasta presidentes municipales, pasando por los Congresos locales, la C\u00e1mara Federal y el Senado de la Rep\u00fablica\u201d.<\/p>\n<p>Finalmente, reitero que \u201cser\u00eda interesante saber el n\u00famero real, pues es evidente la molestia de militantes del partido guinda, al no haber sido tomados en cuenta y a los que llaman neoliberales o corruptos, hoy son sus abanderados, cu\u00e1l es una incongruencia. Dicen una cosa y hacen otra\u201d, concluy\u00f3.<\/p>\n","protected":false},"excerpt":{"rendered":"<p>En su calidad de Consejero Pol\u00edtico del PRI del Estado de M\u00e9xico, Tom\u00e1s Palomares Parra puntualiz\u00f3 que \u201cno deben volver a ocurrir las fallas en un debate de tal magnitud. Al INE le falt\u00f3 profesionalismo y debe de tener m\u00e1s cuidado, pues est\u00e1 en juego la Presidencia de la Rep\u00fablica\u201d.<\/p>\n","protected":false},"author":3,"featured_media":615798,"comment_status":"open","ping_status":"open","sticky":false,"template":"","format":"standard","meta":{"_monsterinsights_skip_tracking":false,"_monsterinsights_sitenote_active":false,"_monsterinsights_sitenote_note":"","_monsterinsights_sitenote_category":0,"footnotes":""},"categories":[5],"tags":[43675,970,56429],"class_list":["post-615684","post","type-post","status-publish","format-standard","has-post-thumbnail","hentry","category-estado-de-mexico","tag-estado-de-mexico","tag-naucalpan","tag-tomas-palomares-parra"],"_links":{"self":[{"href":"https:\/\/www.diarioimagen.net\/index.php?rest_route=\/wp\/v2\/posts\/615684","targetHints":{"allow":["GET"]}}],"collection":[{"href":"https:\/\/www.diarioimagen.net\/index.php?rest_route=\/wp\/v2\/posts"}],"about":[{"href":"https:\/\/www.diarioimagen.net\/index.php?rest_route=\/wp\/v2\/types\/post"}],"author":[{"embeddable":true,"href":"https:\/\/www.diarioimagen.net\/index.php?rest_route=\/wp\/v2\/users\/3"}],"replies":[{"embeddable":true,"href":"https:\/\/www.diarioimagen.net\/index.php?rest_route=%2Fwp%2Fv2%2Fcomments&post=615684"}],"version-history":[{"count":0,"href":"https:\/\/www.diarioimagen.net\/index.php?rest_route=\/wp\/v2\/posts\/615684\/revisions"}],"wp:featuredmedia":[{"embeddable":true,"href":"https:\/\/www.diarioimagen.net\/index.php?rest_route=\/wp\/v2\/media\/615798"}],"wp:attachment":[{"href":"https:\/\/www.diarioimagen.net\/index.php?rest_route=%2Fwp%2Fv2%2Fmedia&parent=615684"}],"wp:term":[{"taxonomy":"category","embeddable":true,"href":"https:\/\/www.diarioimagen.net\/index.php?rest_route=%2Fwp%2Fv2%2Fcategories&post=615684"},{"taxonomy":"post_tag","embeddable":true,"href":"https:\/\/www.diarioimagen.net\/index.php?rest_route=%2Fwp%2Fv2%2Ftags&post=615684"}],"curies":[{"name":"wp","href":"https:\/\/api.w.org\/{rel}","templated":true}]}}