{"id":615689,"date":"2024-04-10T00:04:04","date_gmt":"2024-04-10T06:04:04","guid":{"rendered":"https:\/\/www.diarioimagen.net\/?p=615689"},"modified":"2024-04-10T01:51:29","modified_gmt":"2024-04-10T07:51:29","slug":"promete-claudia-sheinbaum-pardo-viviendas-para-mexicanos","status":"publish","type":"post","link":"https:\/\/www.diarioimagen.net\/?p=615689","title":{"rendered":"Promete Claudia Sheinbaum Pardo viviendas para mexicanos"},"content":{"rendered":"<p>&nbsp;<\/p>\n<p><a href=\"https:\/\/www.diarioimagen.net\/?attachment_id=615800\" rel=\"attachment wp-att-615800\"><img loading=\"lazy\" decoding=\"async\" class=\"aligncenter size-full wp-image-615800\" src=\"https:\/\/www.diarioimagen.net\/wp-content\/uploads\/2024\/04\/promete-claudia.jpg\" alt=\"\" width=\"460\" height=\"270\" \/><\/a><\/p>\n<p>&nbsp;<\/p>\n<p><strong>Valle de M\u00e9x.\u2014 <\/strong>La candidata a la Presidencia de la Rep\u00fablica por la coalici\u00f3n \u201cSigamos Haciendo Historia\u201d, Claudia Sheinbaum Pardo, anunci\u00f3 que en su sexenio se construir\u00e1n un mill\u00f3n de viviendas accesibles para el bienestar de las mexicanas y los mexicanos, esto como parte de su objetivo de eliminar las carencias generadas por los gobiernos del pasado.<\/p>\n<p>\u201cEn el pasado se hicieron muchos negocios con el Infonavit, que hicieron casas fuera de los centros urbanos y que ahora inclusive est\u00e1n abandonadas porque quedaron lej\u00edsimas, no hay ni siquiera transporte\u201d, se\u00f1al\u00f3.<\/p>\n","protected":false},"excerpt":{"rendered":"<p>La candidata a la Presidencia de la Rep\u00fablica por la coalici\u00f3n \u201cSigamos Haciendo Historia\u201d, Claudia Sheinbaum Pardo, anunci\u00f3 que en su sexenio se construir\u00e1n un mill\u00f3n de viviendas accesibles para el bienestar de las mexicanas y los mexicanos, esto como parte de su objetivo de eliminar las carencias generadas por los gobiernos del pasado.<\/p>\n","protected":false},"author":3,"featured_media":615800,"comment_status":"open","ping_status":"open","sticky":false,"template":"","format":"standard","meta":{"_monsterinsights_skip_tracking":false,"_monsterinsights_sitenote_active":false,"_monsterinsights_sitenote_note":"","_monsterinsights_sitenote_category":0,"footnotes":""},"categories":[5],"tags":[69265,19195],"class_list":["post-615689","post","type-post","status-publish","format-standard","has-post-thumbnail","hentry","category-estado-de-mexico","tag-promete","tag-vivienda"],"_links":{"self":[{"href":"https:\/\/www.diarioimagen.net\/index.php?rest_route=\/wp\/v2\/posts\/615689","targetHints":{"allow":["GET"]}}],"collection":[{"href":"https:\/\/www.diarioimagen.net\/index.php?rest_route=\/wp\/v2\/posts"}],"about":[{"href":"https:\/\/www.diarioimagen.net\/index.php?rest_route=\/wp\/v2\/types\/post"}],"author":[{"embeddable":true,"href":"https:\/\/www.diarioimagen.net\/index.php?rest_route=\/wp\/v2\/users\/3"}],"replies":[{"embeddable":true,"href":"https:\/\/www.diarioimagen.net\/index.php?rest_route=%2Fwp%2Fv2%2Fcomments&post=615689"}],"version-history":[{"count":0,"href":"https:\/\/www.diarioimagen.net\/index.php?rest_route=\/wp\/v2\/posts\/615689\/revisions"}],"wp:featuredmedia":[{"embeddable":true,"href":"https:\/\/www.diarioimagen.net\/index.php?rest_route=\/wp\/v2\/media\/615800"}],"wp:attachment":[{"href":"https:\/\/www.diarioimagen.net\/index.php?rest_route=%2Fwp%2Fv2%2Fmedia&parent=615689"}],"wp:term":[{"taxonomy":"category","embeddable":true,"href":"https:\/\/www.diarioimagen.net\/index.php?rest_route=%2Fwp%2Fv2%2Fcategories&post=615689"},{"taxonomy":"post_tag","embeddable":true,"href":"https:\/\/www.diarioimagen.net\/index.php?rest_route=%2Fwp%2Fv2%2Ftags&post=615689"}],"curies":[{"name":"wp","href":"https:\/\/api.w.org\/{rel}","templated":true}]}}