{"id":615846,"date":"2024-04-11T00:01:15","date_gmt":"2024-04-11T06:01:15","guid":{"rendered":"https:\/\/www.diarioimagen.net\/?p=615846"},"modified":"2024-04-16T00:25:34","modified_gmt":"2024-04-16T06:25:34","slug":"salud-emite-alerta-epidemiologica-por-casos-importados-de-sarampion","status":"publish","type":"post","link":"https:\/\/www.diarioimagen.net\/?p=615846","title":{"rendered":"Salud emite alerta epidemiol\u00f3gica por casos importados de sarampi\u00f3n"},"content":{"rendered":"<p>&nbsp;<\/p>\n<ul>\n<li><em><strong>Llamado urgente a vacunar infantes<\/strong><\/em><\/li>\n<\/ul>\n<p>&nbsp;<\/p>\n<div id=\"attachment_615940\" style=\"width: 470px\" class=\"wp-caption aligncenter\"><a href=\"https:\/\/www.diarioimagen.net\/?attachment_id=615940\" rel=\"attachment wp-att-615940\"><img loading=\"lazy\" decoding=\"async\" aria-describedby=\"caption-attachment-615940\" class=\"size-full wp-image-615940\" src=\"https:\/\/www.diarioimagen.net\/wp-content\/uploads\/2024\/04\/salud-emite-alerta.jpg\" alt=\"\" width=\"460\" height=\"270\" \/><\/a><p id=\"caption-attachment-615940\" class=\"wp-caption-text\">La Ssa urgi\u00f3 a padres, madres y tutores responsables de menores a vacunar a sus hijas e hijos contra el sarampi\u00f3n, una enfermedad que se ten\u00eda controlada en M\u00e9xico, pero que est\u00e1 resurgiendo.<\/p><\/div>\n<p>&nbsp;<\/p>\n<p>La Secretar\u00eda de Salud (Ssa) federal emiti\u00f3 una alerta epidemiol\u00f3gica a todas las unidades m\u00e9dicas de primero, segundo y tercer nivel de atenci\u00f3n por la detecci\u00f3n de 3 nuevos casos de sarampi\u00f3n importado en M\u00e9xico y recomend\u00f3 vacunar a ni\u00f1as y ni\u00f1os a fin de evitar que se registren casos aut\u00f3ctonos en el pa\u00eds.<\/p>\n<p>La instituci\u00f3n explic\u00f3 que el aviso da cuenta de la situaci\u00f3n actual de dicha enfermedad en el mundo y por eso, hace un llamado a las unidades m\u00e9dicas p\u00fablicas y privadas a verificar el cumplimiento de las acciones de vigilancia epidemiol\u00f3gica y de diagn\u00f3stico por laboratorio de los casos probables de sarampi\u00f3n o rub\u00e9ola.<\/p>\n<p>\u201c(Para) evitar que se registren casos aut\u00f3ctonos de sarampi\u00f3n en el pa\u00eds, el Centro Nacional para la Salud de la Infancia y la Adolescencia (Censia) de la Secretar\u00eda de Salud, recomienda a madres, padres y personas tutoras o cuidadoras llevar a vacunar a las unidades de salud a ni\u00f1as, ni\u00f1os, as\u00ed como a los adolescentes en caso de que les falte alguna dosis para completar los esquemas de vacunaci\u00f3n\u201d, se\u00f1al\u00f3.<\/p>\n<p>Apenas el pasado 6 de abril, la SSA inform\u00f3 que el pa\u00eds ya registra cuatro casos importados de sarampi\u00f3n. El primero fue detectado en marzo de este a\u00f1o en un menor de un a\u00f1o y ocho meses procedente de Europa, mientras que los tres restantes est\u00e1n asociados a este mismo.<\/p>\n<p>\u201cSe trata de una persona adulta mexicana, otra de origen extranjero y un beb\u00e9 de seis meses de origen ingl\u00e9s.\u201d, indic\u00f3 la dependencia en un comunicado.<\/p>\n<p>Los contagios habr\u00edan ocurrido durante un vuelo donde viaj\u00f3 el primer paciente de Londres a M\u00e9xico. En el trayecto se contagi\u00f3 un mexicano sin antecedente de vacunaci\u00f3n, as\u00ed como un beb\u00e9 de seis meses de nacionalidad inglesa que, por su edad, no pod\u00eda estar vacunado. El tercer caso corresponde a una persona adulta de origen extranjero.<\/p>\n<p>Seg\u00fan datos de Salud nacional, en lo que va de 2024, se han notificado un total de 859 casos probables de sarampi\u00f3n o rub\u00e9ola, es decir, sospechosos y sujetos a an\u00e1lisis, de los cuales solo se han confirmado cuatro de sarampi\u00f3n: uno de ellos importado y tres probablemente relacionados a la importaci\u00f3n.<\/p>\n<p>La secretar\u00eda a\u00f1adi\u00f3 que M\u00e9xico cuenta con \u201cun s\u00f3lido sistema de vigilancia epidemiol\u00f3gica de enfermedad febril exantem\u00e1tica para la detecci\u00f3n y notificaci\u00f3n de casos probables de sarampi\u00f3n\u201d, de manera que se puede actuar de forma inmediata y evitar cualquier riesgo de brote epidemiol\u00f3gico.<\/p>\n<p style=\"text-align: center;\"><strong>Es culpa de los \u201cantivacunas\u201d<\/strong><\/p>\n<p>Por otra parte, la Universidad de Guadalajara (UdeG) advirti\u00f3 desde marzo de 2020 que el incremento en los casos de sarampi\u00f3n en el mundo son culpa de la ola de padres, madres y tutores que se definen a s\u00ed mismos como \u201cantivacunas\u201d, es decir, conspiran\u00f3icos que aseguran que las vacunas son un mecanismo de control y no un recurso sanitario para garantizar el bienestar de las ni\u00f1as y ni\u00f1os.<\/p>\n<p>\u201cLos casos que hemos tenido en M\u00e9xico, por lo regular, son casos que no tienen antecedentes de vacunas. Los grupos antivacunas y otros pa\u00edses nos est\u00e1n afectando\u201d, sostuvo el doctor Iv\u00e1n Contreras Coronado, infect\u00f3logo del Centro Universitario de Tonal\u00e1 (CUTonal\u00e1), de la UdeG.<\/p>\n","protected":false},"excerpt":{"rendered":"<p>La Secretar\u00eda de Salud (Ssa) federal emiti\u00f3 una alerta epidemiol\u00f3gica a todas las unidades m\u00e9dicas de primero, segundo y tercer nivel de atenci\u00f3n por la detecci\u00f3n de 3 nuevos casos de sarampi\u00f3n importado en M\u00e9xico y recomend\u00f3 vacunar a ni\u00f1as y ni\u00f1os a fin de evitar que se registren casos aut\u00f3ctonos en el pa\u00eds.<\/p>\n","protected":false},"author":3,"featured_media":615940,"comment_status":"open","ping_status":"open","sticky":false,"template":"","format":"standard","meta":{"_monsterinsights_skip_tracking":false,"_monsterinsights_sitenote_active":false,"_monsterinsights_sitenote_note":"","_monsterinsights_sitenote_category":0,"footnotes":""},"categories":[17,877],"tags":[89730,43692],"class_list":["post-615846","post","type-post","status-publish","format-standard","has-post-thumbnail","hentry","category-especiales","category-salud","tag-epidemiologica","tag-salud"],"_links":{"self":[{"href":"https:\/\/www.diarioimagen.net\/index.php?rest_route=\/wp\/v2\/posts\/615846","targetHints":{"allow":["GET"]}}],"collection":[{"href":"https:\/\/www.diarioimagen.net\/index.php?rest_route=\/wp\/v2\/posts"}],"about":[{"href":"https:\/\/www.diarioimagen.net\/index.php?rest_route=\/wp\/v2\/types\/post"}],"author":[{"embeddable":true,"href":"https:\/\/www.diarioimagen.net\/index.php?rest_route=\/wp\/v2\/users\/3"}],"replies":[{"embeddable":true,"href":"https:\/\/www.diarioimagen.net\/index.php?rest_route=%2Fwp%2Fv2%2Fcomments&post=615846"}],"version-history":[{"count":0,"href":"https:\/\/www.diarioimagen.net\/index.php?rest_route=\/wp\/v2\/posts\/615846\/revisions"}],"wp:featuredmedia":[{"embeddable":true,"href":"https:\/\/www.diarioimagen.net\/index.php?rest_route=\/wp\/v2\/media\/615940"}],"wp:attachment":[{"href":"https:\/\/www.diarioimagen.net\/index.php?rest_route=%2Fwp%2Fv2%2Fmedia&parent=615846"}],"wp:term":[{"taxonomy":"category","embeddable":true,"href":"https:\/\/www.diarioimagen.net\/index.php?rest_route=%2Fwp%2Fv2%2Fcategories&post=615846"},{"taxonomy":"post_tag","embeddable":true,"href":"https:\/\/www.diarioimagen.net\/index.php?rest_route=%2Fwp%2Fv2%2Ftags&post=615846"}],"curies":[{"name":"wp","href":"https:\/\/api.w.org\/{rel}","templated":true}]}}