{"id":615851,"date":"2024-04-11T00:06:25","date_gmt":"2024-04-11T06:06:25","guid":{"rendered":"https:\/\/www.diarioimagen.net\/?p=615851"},"modified":"2024-04-11T01:31:04","modified_gmt":"2024-04-11T07:31:04","slug":"convoca-edomex-a-participar-en-la-feria-emprende-dual-2024","status":"publish","type":"post","link":"https:\/\/www.diarioimagen.net\/?p=615851","title":{"rendered":"Convoca Edomex a participar en la Feria Emprende-Dual 2024"},"content":{"rendered":"<p>&nbsp;<\/p>\n<h2 style=\"text-align: center;\">Bajo el lema \u201cConectando el Talento con el Futuro\u201d<\/h2>\n<p>&nbsp;<\/p>\n<ul>\n<li><strong><em>Busca promover la cultura emprendedora y la Educaci\u00f3n Dual entre la comunidad estudiantil<\/em><\/strong><\/li>\n<\/ul>\n<p><strong>\u00a0<\/strong><\/p>\n<div id=\"attachment_615958\" style=\"width: 470px\" class=\"wp-caption aligncenter\"><a href=\"https:\/\/www.diarioimagen.net\/?attachment_id=615958\" rel=\"attachment wp-att-615958\"><img loading=\"lazy\" decoding=\"async\" aria-describedby=\"caption-attachment-615958\" class=\"size-full wp-image-615958\" src=\"https:\/\/www.diarioimagen.net\/wp-content\/uploads\/2024\/04\/convoca-edomex.jpg\" alt=\"\" width=\"460\" height=\"270\" \/><\/a><p id=\"caption-attachment-615958\" class=\"wp-caption-text\">La Secretar\u00eda de Educaci\u00f3n, Ciencia, Tecnolog\u00eda e Innovaci\u00f3n lanz\u00f3 la convocatoria para participar en la Feria Emprende-Dual 2024, un evento que busca fomentar la cultura emprendedora y fortalecer la Educaci\u00f3n Dual en la entidad.<\/p><\/div>\n<p>&nbsp;<\/p>\n<p><strong>Toluca, Estado de M\u00e9xico.\u2014<\/strong> El Gobierno del Estado de M\u00e9xico a trav\u00e9s de la Secretar\u00eda de Educaci\u00f3n, Ciencia, Tecnolog\u00eda e Innovaci\u00f3n (SECTI) lanz\u00f3 la convocatoria para participar en la Feria Emprende-Dual 2024, un evento que busca fomentar la cultura emprendedora y fortalecer la Educaci\u00f3n Dual en la entidad.<\/p>\n<p>Bajo el lema \u201cConectando el Talento con el Futuro\u201d, la Feria Emprende-Dual 2024 tiene como objetivo crear un espacio de encuentro entre estudiantes de nivel medio superior, expertos y actores clave del sector empresarial, p\u00fablico, acad\u00e9mico y social.<\/p>\n<p>Esta iniciativa, que forma parte del Plan de Desarrollo del Estado de M\u00e9xico 2024-2029, prioriza la vinculaci\u00f3n de los sectores educativo y productivo para impulsar el desarrollo econ\u00f3mico y social en el estado.<\/p>\n<p>Los interesados podr\u00e1n registrarse desde el momento de la publicaci\u00f3n de la convocatoria y hasta el l0 de mayo; entre los requisitos para poder participar, se encuentra:<\/p>\n<p>&#8211; Ser estudiante inscrito en educaci\u00f3n media superior en alg\u00fan servicio educativo del Estado de M\u00e9xico.<\/p>\n<p>&#8211; El docente asesor de los estudiantes participantes deber\u00e1 estar registrado en la plantilla correspondiente al semestre en curso del servicio educativo de origen.<\/p>\n<p>&#8211; Los proyectos participantes surgir\u00e1n de un proceso interno de selecci\u00f3n a criterio de cada servicio educativo.<\/p>\n<p>La Feria Emprende-Dual 2024 contar\u00e1 con la participaci\u00f3n de diversas instituciones de Educaci\u00f3n Media Superior, como el Bachillerato General; Bachillerato Tecnol\u00f3gico; Colegio de Estudios Cient\u00edficos y Tecnol\u00f3gicos del Estado de M\u00e9xico (CECyTEM); Colegio de Bachilleres del Estado de M\u00e9xico (COBAEM); Colegio de Educaci\u00f3n Profesional T\u00e9cnica del Estado de M\u00e9xico (CONALEP) y Telebachillerato Comunitario.<\/p>\n<p>El estudiantado tendr\u00e1 la oportunidad de presentar proyectos en cuatro categor\u00edas: Proyectos de Innovaci\u00f3n; Proyectos Verdes; y Proyectos Dual.<\/p>\n<p>La Feria Emprende-Dual 2024 contar\u00e1 con un programa de conferencias impartidas por expertos en temas relevantes para el emprendimiento y la educaci\u00f3n.<\/p>\n<p>Para m\u00e1s informaci\u00f3n sobre la Feria Emprende-Dual 2024 pueden consultar la convocatoria en: https:\/\/sems.e domex.gob.mx; al n\u00famero telef\u00f3nico: 722-167-8400 extensi\u00f3n 2381; o al correo electr\u00f3nico: vinculacion@semsgem.mx ambos del \u00e1rea de Vinculaci\u00f3n y Educaci\u00f3n Dual de la Subsecretar\u00eda de Educaci\u00f3n Media Superior.<\/p>\n","protected":false},"excerpt":{"rendered":"<p>El Gobierno del Estado de M\u00e9xico a trav\u00e9s de la Secretar\u00eda de Educaci\u00f3n, Ciencia, Tecnolog\u00eda e Innovaci\u00f3n (SECTI) lanz\u00f3 la convocatoria para participar en la Feria Emprende-Dual 2024, un evento que busca fomentar la cultura emprendedora y fortalecer la Educaci\u00f3n Dual en la entidad.<\/p>\n","protected":false},"author":3,"featured_media":615958,"comment_status":"open","ping_status":"open","sticky":false,"template":"","format":"standard","meta":{"_monsterinsights_skip_tracking":false,"_monsterinsights_sitenote_active":false,"_monsterinsights_sitenote_note":"","_monsterinsights_sitenote_category":0,"footnotes":""},"categories":[5,99730],"tags":[68,99766],"class_list":["post-615851","post","type-post","status-publish","format-standard","has-post-thumbnail","hentry","category-estado-de-mexico","category-edomex","tag-edomex","tag-feria-emprende-dual"],"_links":{"self":[{"href":"https:\/\/www.diarioimagen.net\/index.php?rest_route=\/wp\/v2\/posts\/615851","targetHints":{"allow":["GET"]}}],"collection":[{"href":"https:\/\/www.diarioimagen.net\/index.php?rest_route=\/wp\/v2\/posts"}],"about":[{"href":"https:\/\/www.diarioimagen.net\/index.php?rest_route=\/wp\/v2\/types\/post"}],"author":[{"embeddable":true,"href":"https:\/\/www.diarioimagen.net\/index.php?rest_route=\/wp\/v2\/users\/3"}],"replies":[{"embeddable":true,"href":"https:\/\/www.diarioimagen.net\/index.php?rest_route=%2Fwp%2Fv2%2Fcomments&post=615851"}],"version-history":[{"count":0,"href":"https:\/\/www.diarioimagen.net\/index.php?rest_route=\/wp\/v2\/posts\/615851\/revisions"}],"wp:featuredmedia":[{"embeddable":true,"href":"https:\/\/www.diarioimagen.net\/index.php?rest_route=\/wp\/v2\/media\/615958"}],"wp:attachment":[{"href":"https:\/\/www.diarioimagen.net\/index.php?rest_route=%2Fwp%2Fv2%2Fmedia&parent=615851"}],"wp:term":[{"taxonomy":"category","embeddable":true,"href":"https:\/\/www.diarioimagen.net\/index.php?rest_route=%2Fwp%2Fv2%2Fcategories&post=615851"},{"taxonomy":"post_tag","embeddable":true,"href":"https:\/\/www.diarioimagen.net\/index.php?rest_route=%2Fwp%2Fv2%2Ftags&post=615851"}],"curies":[{"name":"wp","href":"https:\/\/api.w.org\/{rel}","templated":true}]}}