{"id":615858,"date":"2024-04-11T00:03:12","date_gmt":"2024-04-11T06:03:12","guid":{"rendered":"https:\/\/www.diarioimagen.net\/?p=615858"},"modified":"2024-04-11T01:29:01","modified_gmt":"2024-04-11T07:29:01","slug":"falso-que-el-organo-de-fiscalizacion-acuse-a-naucalpan-de-malos-manejos","status":"publish","type":"post","link":"https:\/\/www.diarioimagen.net\/?p=615858","title":{"rendered":"Falso, que el \u00f3rgano de fiscalizaci\u00f3n acuse a Naucalpan de malos manejos"},"content":{"rendered":"<p>&nbsp;<\/p>\n<ul>\n<li><em><strong>Afirma el contralor interno Rafel Funes<\/strong><\/em><\/li>\n<\/ul>\n<p>&nbsp;<\/p>\n<div id=\"attachment_615952\" style=\"width: 470px\" class=\"wp-caption aligncenter\"><a href=\"https:\/\/www.diarioimagen.net\/?attachment_id=615952\" rel=\"attachment wp-att-615952\"><img loading=\"lazy\" decoding=\"async\" aria-describedby=\"caption-attachment-615952\" class=\"size-full wp-image-615952\" src=\"https:\/\/www.diarioimagen.net\/wp-content\/uploads\/2024\/04\/falso-que-organo.jpg\" alt=\"\" width=\"460\" height=\"270\" \/><\/a><p id=\"caption-attachment-615952\" class=\"wp-caption-text\">Rafael Funes D\u00edaz, Contralor Interno de Naucalpan, afirm\u00f3 que la ASF audit\u00f3 al gobierno que encabeza Ang\u00e9lica Moya y emiti\u00f3 diversas observaciones para ser aclaradas, de las cuales algunas ya fueron solventadas.<\/p><\/div>\n<p>&nbsp;<\/p>\n<p><strong>Naucalpan, Estado de M\u00e9xico.\u2014<\/strong> Es falso que la Auditor\u00eda Superior de la Federaci\u00f3n (ASF) acuse al actual gobierno de Naucalpan de malos manejos o desv\u00edo de recursos.<\/p>\n<p>Respecto a lo que ha circulado en medios de comunicaci\u00f3n sobre el Informe del Resultado de la Fiscalizaci\u00f3n Superior de la Cuenta P\u00fablica 2022, en lo que va del\u00a0 gobierno,\u00a0 las entidades fiscalizadoras no han determinado da\u00f1os directos ni indicaciones de un mal manejo de recursos, pues actualmente nos encontramos en la etapa de solventaci\u00f3n de las observaciones\u201d, se expres\u00f3.<\/p>\n<p>Rafael Funes D\u00edaz, Contralor Interno de Naucalpan, relat\u00f3 que la ASF audit\u00f3 al actual gobierno municipal y emiti\u00f3 diversas observaciones para ser aclaradas, algunas de las cuales ya fueron solventadas, como el caso de los pozos que no estaban en funcionamiento \u201cporque la Comisi\u00f3n Federal de Electricidad (CFE) no hab\u00eda dotado de la energ\u00eda el\u00e9ctrica para que funcionaran, y eso ya se solucion\u00f3\u201d.<\/p>\n<p>Agreg\u00f3 que en el mismo caso se encuentra los pagos que presuntamente no est\u00e1n de acuerdo con el tabulador, \u201clo hemos ido resolviendo para hacerles ver que los pagos s\u00ed son coherentes con el tabulador autorizado. Y ese es el momento en el que estamos, aclarando ante la Auditor\u00eda Superior esas observaciones, que son eso, observaciones\u201d.<\/p>\n","protected":false},"excerpt":{"rendered":"<p>Es falso que la Auditor\u00eda Superior de la Federaci\u00f3n (ASF) acuse al actual gobierno de Naucalpan de malos manejos o desv\u00edo de recursos.<\/p>\n","protected":false},"author":3,"featured_media":615952,"comment_status":"open","ping_status":"open","sticky":false,"template":"","format":"standard","meta":{"_monsterinsights_skip_tracking":false,"_monsterinsights_sitenote_active":false,"_monsterinsights_sitenote_note":"","_monsterinsights_sitenote_category":0,"footnotes":""},"categories":[5],"tags":[43675,79767,99770,970],"class_list":["post-615858","post","type-post","status-publish","format-standard","has-post-thumbnail","hentry","category-estado-de-mexico","tag-estado-de-mexico","tag-malos","tag-manejos","tag-naucalpan"],"_links":{"self":[{"href":"https:\/\/www.diarioimagen.net\/index.php?rest_route=\/wp\/v2\/posts\/615858","targetHints":{"allow":["GET"]}}],"collection":[{"href":"https:\/\/www.diarioimagen.net\/index.php?rest_route=\/wp\/v2\/posts"}],"about":[{"href":"https:\/\/www.diarioimagen.net\/index.php?rest_route=\/wp\/v2\/types\/post"}],"author":[{"embeddable":true,"href":"https:\/\/www.diarioimagen.net\/index.php?rest_route=\/wp\/v2\/users\/3"}],"replies":[{"embeddable":true,"href":"https:\/\/www.diarioimagen.net\/index.php?rest_route=%2Fwp%2Fv2%2Fcomments&post=615858"}],"version-history":[{"count":0,"href":"https:\/\/www.diarioimagen.net\/index.php?rest_route=\/wp\/v2\/posts\/615858\/revisions"}],"wp:featuredmedia":[{"embeddable":true,"href":"https:\/\/www.diarioimagen.net\/index.php?rest_route=\/wp\/v2\/media\/615952"}],"wp:attachment":[{"href":"https:\/\/www.diarioimagen.net\/index.php?rest_route=%2Fwp%2Fv2%2Fmedia&parent=615858"}],"wp:term":[{"taxonomy":"category","embeddable":true,"href":"https:\/\/www.diarioimagen.net\/index.php?rest_route=%2Fwp%2Fv2%2Fcategories&post=615858"},{"taxonomy":"post_tag","embeddable":true,"href":"https:\/\/www.diarioimagen.net\/index.php?rest_route=%2Fwp%2Fv2%2Ftags&post=615858"}],"curies":[{"name":"wp","href":"https:\/\/api.w.org\/{rel}","templated":true}]}}