{"id":616016,"date":"2024-04-12T00:01:18","date_gmt":"2024-04-12T06:01:18","guid":{"rendered":"https:\/\/www.diarioimagen.net\/?p=616016"},"modified":"2024-04-12T01:30:13","modified_gmt":"2024-04-12T07:30:13","slug":"las-afores-no-se-tocan-se-protegen-afirma-el-presidente-lopez-obrador","status":"publish","type":"post","link":"https:\/\/www.diarioimagen.net\/?p=616016","title":{"rendered":"\u201cLas Afores no se tocan, se protegen\u201d, afirma el presidente L\u00f3pez Obrador"},"content":{"rendered":"<p>&nbsp;<\/p>\n<h2 style=\"text-align: center;\">Pol\u00e9mica por propuesta de<br \/>\nreforma a sistema de pensiones<\/h2>\n<p><em>\u00a0<\/em><\/p>\n<ul>\n<li><strong><em>Hay unos 40 mil mdp de pensiones no reclamadas<\/em><\/strong><\/li>\n<\/ul>\n<p>&nbsp;<\/p>\n<div id=\"attachment_616148\" style=\"width: 470px\" class=\"wp-caption aligncenter\"><a href=\"https:\/\/www.diarioimagen.net\/?attachment_id=616148\" rel=\"attachment wp-att-616148\"><img loading=\"lazy\" decoding=\"async\" aria-describedby=\"caption-attachment-616148\" class=\"size-full wp-image-616148\" src=\"https:\/\/www.diarioimagen.net\/wp-content\/uploads\/2024\/04\/amlo-2.jpg\" alt=\"\" width=\"460\" height=\"270\" \/><\/a><p id=\"caption-attachment-616148\" class=\"wp-caption-text\">El presidente Andr\u00e9s Manuel L\u00f3pez Obrador se\u00f1al\u00f3 que los ahorros de las Afores no se ver\u00e1n afectados con la iniciativa de reforma que propone que los ahorros no reclamados en IMSS, ISSSTE y Afores ser\u00e1n trasladados autom\u00e1ticamente al Fondo de Pensiones para el Bienestar.<\/p><\/div>\n<p>&nbsp;<\/p>\n<p>Tras la pol\u00e9mica sobre una iniciativa presentada por Morena en la C\u00e1mara de Diputados para la creaci\u00f3n de un fondo de pensiones para el Bienestar, el presidente Andr\u00e9s Manuel L\u00f3pez Obrador se\u00f1al\u00f3 que lo que se busca que dicho fondo se integre con, entre otras fuentes de financiamiento, fondos provenientes de los ahorros que no hayan sido reclamados por los trabajadores y que actualmente son administrados por las Afores.<\/p>\n<p>Seg\u00fan el mandatario, el fondo se financiar\u00e1 con los recursos obtenidos por el Instituto para Devolver al Pueblo lo Robado, las utilidades que se obtengan del Tren Maya, Mexicana de Aviaci\u00f3n, adem\u00e1s de los terrenos del Fondo Nacional de Fomento al Turismo (Fonatur).<\/p>\n<p>A\u00f1adi\u00f3 que se estima que hay alrededor de 40 mil millones de pesos de pensiones no reclamadas en control de las Afores y dijo que si un trabajador o su familiares reclaman su pensi\u00f3n, \u00e9sta se les entregar\u00e1.<\/p>\n<p>\u201cNo se tocan las afores de nadie, al contrario, se protegen, y creo que as\u00ed va a ser a futuro, no hay nada qu\u00e9 temer sobre los fondos de pensiones, lo que es de los trabajadores. Al contrario, lo que estamos haciendo es fortaleciendo esos fondos\u201d, sostuvo.<\/p>\n<p>\u201cEst\u00e1n queriendo manipular al grado de decir que nos queremos quedar con las afores, cuando no es as\u00ed\u201d, asegur\u00f3.<\/p>\n<p>\u201cLas administradoras de las Afores se quedan con pensiones no reclamadas. Pasa un tiempo y se quedan con ese dinero, por eso est\u00e1n haciendo tambi\u00e9n ruido, porque ese dinero les queda a ellos\u201d, se\u00f1al\u00f3 y agreg\u00f3 que los ahorros de los trabajadores seguir\u00e1n siendo administrados por las Afores.<\/p>\n<p style=\"text-align: center;\"><strong>Nunca se hab\u00eda pretendido silenciar a un Presidente: AMLO<\/strong><\/p>\n<p>Sobre la demanda ante el INE para suspender las conferencias matutinas durante el\u00a0 proceso electoral, L\u00f3pez Obrador, sostuvo que nunca en la historia se hab\u00eda pretendido silenciar a un Presidente como ahora con la intenci\u00f3n de cancelar las ma\u00f1aneras, \u201ces como decir cancelen las concesiones de Radio F\u00f3rmula, de Televisa, de TV Azteca, que no lo voy a hacer\u201d.<\/p>\n<p>Eso ser\u00eda violar el art\u00edculo sexto constitucional \u201cme quieren silenciar, no puedo informar, no puedo ejercer mi derecho de r\u00e9plica\u201d. En sus cuestionamientos, dijo: \u201cno lleguemos hasta all\u00e1 (en relaci\u00f3n a las concesiones), porque dicen que ser\u00e1 temporal, que cancelen los programas de Loret, de Ciro, L\u00f3pez D\u00f3riga, saldr\u00edamos ganando.<\/p>\n<p>\u201cEntonces nada m\u00e1s ellos van a estar hablando, manipulando, calumniando y nosotros no vamos a poder informar ni se va a garantizar el derecho a la informaci\u00f3n, d\u00f3nde queda la democracia y la transparencia porque querer silenciarnos es el extremo, as\u00ed son los conservadores\u201d.<\/p>\n<p>Sus afirmaciones derivaron de una pregunta sobre el reciente estudio de un grupo de ex funcionarios sobre los efectos del manejo de la pandemia en M\u00e9xico que pudo evitar miles de muertos.<\/p>\n<p>\u201cEs parte de lo mismo todo ese grupo pertenece al bloque conservador, son adversarios nuestros. Est\u00e1n en todo su derecho a hacer denuncias, nada m\u00e1s que tienen que probarlo y demostrarlo, porque nosotros tenemos otros datos. Sin embargo, hacen propaganda y como tienen a casi todos los medios y tenemos la ma\u00f1anera , por eso quisieran cancelar este espacio, violar la Constituci\u00f3n\u201d, se\u00f1al\u00f3.<\/p>\n","protected":false},"excerpt":{"rendered":"<p>Tras la pol\u00e9mica sobre una iniciativa presentada por Morena en la C\u00e1mara de Diputados para la creaci\u00f3n de un fondo de pensiones para el Bienestar, el presidente Andr\u00e9s Manuel L\u00f3pez Obrador se\u00f1al\u00f3 que lo que se busca que dicho fondo se integre con, entre otras fuentes de financiamiento, fondos provenientes de los ahorros que no hayan sido reclamados por los trabajadores y que actualmente son administrados por las Afores.<\/p>\n","protected":false},"author":3,"featured_media":616148,"comment_status":"open","ping_status":"open","sticky":false,"template":"","format":"standard","meta":{"_monsterinsights_skip_tracking":false,"_monsterinsights_sitenote_active":false,"_monsterinsights_sitenote_note":"","_monsterinsights_sitenote_category":0,"footnotes":""},"categories":[8],"tags":[2131,74794],"class_list":["post-616016","post","type-post","status-publish","format-standard","has-post-thumbnail","hentry","category-finanzas","tag-pensiones","tag-polemica"],"_links":{"self":[{"href":"https:\/\/www.diarioimagen.net\/index.php?rest_route=\/wp\/v2\/posts\/616016","targetHints":{"allow":["GET"]}}],"collection":[{"href":"https:\/\/www.diarioimagen.net\/index.php?rest_route=\/wp\/v2\/posts"}],"about":[{"href":"https:\/\/www.diarioimagen.net\/index.php?rest_route=\/wp\/v2\/types\/post"}],"author":[{"embeddable":true,"href":"https:\/\/www.diarioimagen.net\/index.php?rest_route=\/wp\/v2\/users\/3"}],"replies":[{"embeddable":true,"href":"https:\/\/www.diarioimagen.net\/index.php?rest_route=%2Fwp%2Fv2%2Fcomments&post=616016"}],"version-history":[{"count":0,"href":"https:\/\/www.diarioimagen.net\/index.php?rest_route=\/wp\/v2\/posts\/616016\/revisions"}],"wp:featuredmedia":[{"embeddable":true,"href":"https:\/\/www.diarioimagen.net\/index.php?rest_route=\/wp\/v2\/media\/616148"}],"wp:attachment":[{"href":"https:\/\/www.diarioimagen.net\/index.php?rest_route=%2Fwp%2Fv2%2Fmedia&parent=616016"}],"wp:term":[{"taxonomy":"category","embeddable":true,"href":"https:\/\/www.diarioimagen.net\/index.php?rest_route=%2Fwp%2Fv2%2Fcategories&post=616016"},{"taxonomy":"post_tag","embeddable":true,"href":"https:\/\/www.diarioimagen.net\/index.php?rest_route=%2Fwp%2Fv2%2Ftags&post=616016"}],"curies":[{"name":"wp","href":"https:\/\/api.w.org\/{rel}","templated":true}]}}