{"id":616023,"date":"2024-04-12T00:01:43","date_gmt":"2024-04-12T06:01:43","guid":{"rendered":"https:\/\/www.diarioimagen.net\/?p=616023"},"modified":"2024-04-12T01:33:44","modified_gmt":"2024-04-12T07:33:44","slug":"impugnaran-la-designacion-de-daniel-serrano-como-candidato-de-morena-a-cuautitlan-izcalli","status":"publish","type":"post","link":"https:\/\/www.diarioimagen.net\/?p=616023","title":{"rendered":"Impugnar\u00e1n la designaci\u00f3n de Daniel Serrano como candidato de Morena a Cuautitl\u00e1n Izcalli"},"content":{"rendered":"<p>&nbsp;<\/p>\n<ul>\n<li><em><strong>Afirman consejeros que no garantiza triunfo<\/strong><\/em><\/li>\n<\/ul>\n<p>&nbsp;<\/p>\n<div id=\"attachment_616153\" style=\"width: 470px\" class=\"wp-caption aligncenter\"><a href=\"https:\/\/www.diarioimagen.net\/?attachment_id=616153\" rel=\"attachment wp-att-616153\"><img loading=\"lazy\" decoding=\"async\" aria-describedby=\"caption-attachment-616153\" class=\"size-full wp-image-616153\" src=\"https:\/\/www.diarioimagen.net\/wp-content\/uploads\/2024\/04\/impugnaran-designacion-daniel.jpg\" alt=\"\" width=\"460\" height=\"270\" \/><\/a><p id=\"caption-attachment-616153\" class=\"wp-caption-text\">A decir de morenistas, Daniel Serrano cuenta con diversas acusaciones en su contra, que van desde pr\u00e1cticas de corrupci\u00f3n hasta la venta de candidaturas.<\/p><\/div>\n<p>&nbsp;<\/p>\n<p><strong>Cuautitl\u00e1n Izcalli, Estado de M\u00e9xico.\u2014<\/strong> Gran descontento entre dirigentes, militantes y simpatizantes de Morena fue el resultado de la designaci\u00f3n de Daniel Serrano Palacios como candidato a alcalde en esta localidad y\u00a0 de quien aseguran no garantiza triunfo y s\u00ed mucha divisi\u00f3n.<\/p>\n<p>As\u00ed lo expresaron consejeros pol\u00edticos, militantes y simpatizantes de ese instituto pol\u00edtico, en voz de Susana Garc\u00eda, luego recordar que \u201cpese a contar con diversas acusaciones en su contra, que van desde pr\u00e1cticas de corrupci\u00f3n, mal manejo de fondos p\u00fablicos y hasta la venta de candidaturas, Daniel Serrano, ocasionar\u00e1 que nuestro movimiento pierda en este municipio\u201d.<\/p>\n<p>Por otra parte, los morenistas izcallenses aseguraron que la designaci\u00f3n como candidato a alcalde de Daniel Serrano,\u00a0 est\u00e1 empa\u00f1ada por acusaciones hechas desde el 2021 cuando pretendi\u00f3 la compra\u2013venta de una candidatura de la coalici\u00f3n \u201cSigamos Haciendo Historia\u201d y ahora aspira a ser alcalde en este municipio.<\/p>\n<p>Los quejosos afirmaron que impugnar\u00e1n ante la Comisi\u00f3n de Elecciones de Morena la designaci\u00f3n de Serrano Palacios, pues \u201cno es un hombre de fiar y con los antecedentes que tiene de seguro perder\u00e1 la elecci\u00f3n del pr\u00f3ximo 2 de junio\u201d, afirmaron.<\/p>\n<p>Asimismo, puntualizaron que \u201cel llamado l\u00edder del grupo de \u201clos puros\u201d ech\u00f3 a perder la elecci\u00f3n anterior, y hoy no ser\u00e1 la excepci\u00f3n, pues es un hombre que solo busca beneficios personales y familiares. Morena se equivoc\u00f3 con su postulaci\u00f3n\u201d.<\/p>\n<p>Finalmente, los quejosos aseguraron que \u201cla militancia de Morena estar\u00e1 de brazos cruzados, pues con un candidato como Daniel Serrano se pone de manifiesto que no les interesa gobernar Cuautitl\u00e1n Izcalli\u201d.<\/p>\n","protected":false},"excerpt":{"rendered":"<p>Gran descontento entre dirigentes, militantes y simpatizantes de Morena fue el resultado de la designaci\u00f3n de Daniel Serrano Palacios como candidato a alcalde en esta localidad y\u00a0 de quien aseguran no garantiza triunfo y s\u00ed mucha divisi\u00f3n.<\/p>\n","protected":false},"author":3,"featured_media":616153,"comment_status":"open","ping_status":"open","sticky":false,"template":"","format":"standard","meta":{"_monsterinsights_skip_tracking":false,"_monsterinsights_sitenote_active":false,"_monsterinsights_sitenote_note":"","_monsterinsights_sitenote_category":0,"footnotes":""},"categories":[5],"tags":[971,43675,20663],"class_list":["post-616023","post","type-post","status-publish","format-standard","has-post-thumbnail","hentry","category-estado-de-mexico","tag-cuautitlan-izcalli","tag-estado-de-mexico","tag-morena"],"_links":{"self":[{"href":"https:\/\/www.diarioimagen.net\/index.php?rest_route=\/wp\/v2\/posts\/616023","targetHints":{"allow":["GET"]}}],"collection":[{"href":"https:\/\/www.diarioimagen.net\/index.php?rest_route=\/wp\/v2\/posts"}],"about":[{"href":"https:\/\/www.diarioimagen.net\/index.php?rest_route=\/wp\/v2\/types\/post"}],"author":[{"embeddable":true,"href":"https:\/\/www.diarioimagen.net\/index.php?rest_route=\/wp\/v2\/users\/3"}],"replies":[{"embeddable":true,"href":"https:\/\/www.diarioimagen.net\/index.php?rest_route=%2Fwp%2Fv2%2Fcomments&post=616023"}],"version-history":[{"count":0,"href":"https:\/\/www.diarioimagen.net\/index.php?rest_route=\/wp\/v2\/posts\/616023\/revisions"}],"wp:featuredmedia":[{"embeddable":true,"href":"https:\/\/www.diarioimagen.net\/index.php?rest_route=\/wp\/v2\/media\/616153"}],"wp:attachment":[{"href":"https:\/\/www.diarioimagen.net\/index.php?rest_route=%2Fwp%2Fv2%2Fmedia&parent=616023"}],"wp:term":[{"taxonomy":"category","embeddable":true,"href":"https:\/\/www.diarioimagen.net\/index.php?rest_route=%2Fwp%2Fv2%2Fcategories&post=616023"},{"taxonomy":"post_tag","embeddable":true,"href":"https:\/\/www.diarioimagen.net\/index.php?rest_route=%2Fwp%2Fv2%2Ftags&post=616023"}],"curies":[{"name":"wp","href":"https:\/\/api.w.org\/{rel}","templated":true}]}}