{"id":616025,"date":"2024-04-12T00:02:52","date_gmt":"2024-04-12T06:02:52","guid":{"rendered":"https:\/\/www.diarioimagen.net\/?p=616025"},"modified":"2024-04-12T01:34:21","modified_gmt":"2024-04-12T07:34:21","slug":"otorga-mas-servicios-de-salud-el-centro-comunitario-lirios-en-cuautitlan-izcalli","status":"publish","type":"post","link":"https:\/\/www.diarioimagen.net\/?p=616025","title":{"rendered":"Otorga m\u00e1s servicios de salud el Centro Comunitario Lirios, en Cuautitl\u00e1n Izcalli"},"content":{"rendered":"<p>&nbsp;<\/p>\n<ul>\n<li><em><strong>Mejora calidad de vida de familias<\/strong><\/em><\/li>\n<\/ul>\n<p>&nbsp;<\/p>\n<div id=\"attachment_616155\" style=\"width: 470px\" class=\"wp-caption aligncenter\"><a href=\"https:\/\/www.diarioimagen.net\/?attachment_id=616155\" rel=\"attachment wp-att-616155\"><img loading=\"lazy\" decoding=\"async\" aria-describedby=\"caption-attachment-616155\" class=\"size-full wp-image-616155\" src=\"https:\/\/www.diarioimagen.net\/wp-content\/uploads\/2024\/04\/otorgan-mas-servicios.jpg\" alt=\"\" width=\"460\" height=\"270\" \/><\/a><p id=\"caption-attachment-616155\" class=\"wp-caption-text\">El Centro de Desarrollo Comunitario Lirios de Cuautitl\u00e1n Izcalli reanud\u00f3 servicios de salud para las familias izcallenses con consultas odontol\u00f3gica, m\u00e9dica y oftalmol\u00f3gicas.<\/p><\/div>\n<p>&nbsp;<\/p>\n<p><strong>Cuautitl\u00e1n Izcalli, Estado de M\u00e9xico.\u2014<\/strong> Se reanudaron labores en el Centro de Desarrollo Comunitario Lirios (CDC) de esta localidad, en donde se otorgar\u00e1n servicios de salud para las familias izcallenses con consultas odontol\u00f3gicas, m\u00e9dica y oftalmol\u00f3gica, por mencionar algunas, que ayuden a mejorar su calidad de vida.<\/p>\n<p>Esta acci\u00f3n se llev\u00f3 a cabo con la finalidad de acercar servicios de salud para las personas m\u00e1s vulnerables del municipio, adem\u00e1s de ser un Centro de apoyo para las familias de la zona.<\/p>\n<p>Adem\u00e1s de dichos servicios, se suman los que ofrece el Centro de Atenci\u00f3n Psicol\u00f3gica, Pedag\u00f3gica y Psiqui\u00e1trica, que se encuentra ubicado a un costado del CDC Lirios, en avenida Constituci\u00f3n 1000 en la colonia Cumbria.<\/p>\n<p>Cabe destacar que el Gobierno de Cuautitl\u00e1n Izcalli y el Sistema Municipal DIF, cuenta con CDC en San Antonio, Infonavit Centro, Pol\u00edgono, Bosques del Alba, entre otros, en donde tambi\u00e9n se imparten clases para desarrollar nuevas habilidades mediante cursos, actividades y talleres.<\/p>\n<p>De esta manera, se busca contribuir en el cuidado de la salud de cada izcallense, adem\u00e1s de fomentar las actividades deportivas, recreativas, art\u00edsticas y culturales.<\/p>\n<p>Finalmente, el horario de atenci\u00f3n en el CDC Lirios es de lunes a viernes de 9:00 a 18:00 horas.<\/p>\n","protected":false},"excerpt":{"rendered":"<p>Se reanudaron labores en el Centro de Desarrollo Comunitario Lirios (CDC) de esta localidad, en donde se otorgar\u00e1n servicios de salud para las familias izcallenses con consultas odontol\u00f3gicas, m\u00e9dica y oftalmol\u00f3gica, por mencionar algunas, que ayuden a mejorar su calidad de vida.<\/p>\n","protected":false},"author":3,"featured_media":616155,"comment_status":"open","ping_status":"open","sticky":false,"template":"","format":"standard","meta":{"_monsterinsights_skip_tracking":false,"_monsterinsights_sitenote_active":false,"_monsterinsights_sitenote_note":"","_monsterinsights_sitenote_category":0,"footnotes":""},"categories":[5],"tags":[99779,971,43675],"class_list":["post-616025","post","type-post","status-publish","format-standard","has-post-thumbnail","hentry","category-estado-de-mexico","tag-centro-comunitario-lirios","tag-cuautitlan-izcalli","tag-estado-de-mexico"],"_links":{"self":[{"href":"https:\/\/www.diarioimagen.net\/index.php?rest_route=\/wp\/v2\/posts\/616025","targetHints":{"allow":["GET"]}}],"collection":[{"href":"https:\/\/www.diarioimagen.net\/index.php?rest_route=\/wp\/v2\/posts"}],"about":[{"href":"https:\/\/www.diarioimagen.net\/index.php?rest_route=\/wp\/v2\/types\/post"}],"author":[{"embeddable":true,"href":"https:\/\/www.diarioimagen.net\/index.php?rest_route=\/wp\/v2\/users\/3"}],"replies":[{"embeddable":true,"href":"https:\/\/www.diarioimagen.net\/index.php?rest_route=%2Fwp%2Fv2%2Fcomments&post=616025"}],"version-history":[{"count":0,"href":"https:\/\/www.diarioimagen.net\/index.php?rest_route=\/wp\/v2\/posts\/616025\/revisions"}],"wp:featuredmedia":[{"embeddable":true,"href":"https:\/\/www.diarioimagen.net\/index.php?rest_route=\/wp\/v2\/media\/616155"}],"wp:attachment":[{"href":"https:\/\/www.diarioimagen.net\/index.php?rest_route=%2Fwp%2Fv2%2Fmedia&parent=616025"}],"wp:term":[{"taxonomy":"category","embeddable":true,"href":"https:\/\/www.diarioimagen.net\/index.php?rest_route=%2Fwp%2Fv2%2Fcategories&post=616025"},{"taxonomy":"post_tag","embeddable":true,"href":"https:\/\/www.diarioimagen.net\/index.php?rest_route=%2Fwp%2Fv2%2Ftags&post=616025"}],"curies":[{"name":"wp","href":"https:\/\/api.w.org\/{rel}","templated":true}]}}