{"id":616026,"date":"2024-04-12T00:03:12","date_gmt":"2024-04-12T06:03:12","guid":{"rendered":"https:\/\/www.diarioimagen.net\/?p=616026"},"modified":"2024-04-12T01:34:55","modified_gmt":"2024-04-12T07:34:55","slug":"califican-de-violento-al-abanderado-guinda-para-alcalde-de-huixquilucan","status":"publish","type":"post","link":"https:\/\/www.diarioimagen.net\/?p=616026","title":{"rendered":"Califican de violento al abanderado\u00a0 guinda para alcalde de Huixquilucan"},"content":{"rendered":"<p>&nbsp;<\/p>\n<ul>\n<li><em><strong>Exhiben a Jorge \u00c1lvarez Bringas<\/strong><\/em><\/li>\n<\/ul>\n<p>&nbsp;<\/p>\n<div id=\"attachment_616157\" style=\"width: 470px\" class=\"wp-caption aligncenter\"><a href=\"https:\/\/www.diarioimagen.net\/?attachment_id=616157\" rel=\"attachment wp-att-616157\"><img loading=\"lazy\" decoding=\"async\" aria-describedby=\"caption-attachment-616157\" class=\"size-full wp-image-616157\" src=\"https:\/\/www.diarioimagen.net\/wp-content\/uploads\/2024\/04\/califican-de-violento.jpg\" alt=\"\" width=\"460\" height=\"270\" \/><\/a><p id=\"caption-attachment-616157\" class=\"wp-caption-text\">La designaci\u00f3n de Jorge \u00c1lvarez Bringas, como candidato de Morena a la alcald\u00eda de Huixquilucan,\u00a0 caus\u00f3 revuelo pol\u00edtico.<\/p><\/div>\n<p>&nbsp;<\/p>\n<p><strong>Huixquilucan, Estado de M\u00e9xico.\u2014<\/strong> La reciente designaci\u00f3n de Jorge \u00c1lvarez Bringas, como candidato de Morena a la alcald\u00eda de esta localidad,\u00a0 caus\u00f3 un caos social y pol\u00edtico, al ser se\u00f1alado por la hijastra del ex presidente Enrique Pe\u00f1a Nieto, Sofia Castro, como \u201cuna persona violenta, agresiva y de pocos escrupulosos\u201d.<\/p>\n<p>Tras su imposici\u00f3n pol\u00edtica por Morena, circul\u00f3 un video en donde se da a conocer el\u00a0 historial de \u00c1lvarez Bringas, como un hombre sumamente\u00a0 violento y\u00a0 que ejerci\u00f3 sobre Sof\u00eda Castro, hija de la pasada primera dama, Ang\u00e9lica Rivera, durante su noviazgo.<\/p>\n<p>\u201cSin duda, este candidato est\u00e1 marcado por una serie de esc\u00e1ndalos que ponen en entredicho su integridad y capacidad para liderar una campa\u00f1a pol\u00edtica de la importancia de este municipio\u201d, dijeron morenistas.<\/p>\n<p>Militantes de ese instituto pol\u00edtico, reiteraron que \u201ctal parece que Jorge \u00c1lvarez emerge como un t\u00edtere manipulado por las manos invisibles de un grupo pol\u00edtico enfermo de poder, con intereses que parecen primar sobre las verdaderas necesidades de Huixquilucan. Urge esclarecer ese pasado oscuro de Jorge\u201d, concluyeron.<\/p>\n","protected":false},"excerpt":{"rendered":"<p>La reciente designaci\u00f3n de Jorge \u00c1lvarez Bringas, como candidato de Morena a la alcald\u00eda de esta localidad,\u00a0 caus\u00f3 un caos social y pol\u00edtico, al ser se\u00f1alado por la hijastra del ex presidente Enrique Pe\u00f1a Nieto, Sofia Castro, como \u201cuna persona violenta, agresiva y de pocos escrupulosos\u201d.<\/p>\n","protected":false},"author":3,"featured_media":616157,"comment_status":"open","ping_status":"open","sticky":false,"template":"","format":"standard","meta":{"_monsterinsights_skip_tracking":false,"_monsterinsights_sitenote_active":false,"_monsterinsights_sitenote_note":"","_monsterinsights_sitenote_category":0,"footnotes":""},"categories":[5],"tags":[43675,1097,70589],"class_list":["post-616026","post","type-post","status-publish","format-standard","has-post-thumbnail","hentry","category-estado-de-mexico","tag-estado-de-mexico","tag-huixquilucan","tag-violento"],"_links":{"self":[{"href":"https:\/\/www.diarioimagen.net\/index.php?rest_route=\/wp\/v2\/posts\/616026","targetHints":{"allow":["GET"]}}],"collection":[{"href":"https:\/\/www.diarioimagen.net\/index.php?rest_route=\/wp\/v2\/posts"}],"about":[{"href":"https:\/\/www.diarioimagen.net\/index.php?rest_route=\/wp\/v2\/types\/post"}],"author":[{"embeddable":true,"href":"https:\/\/www.diarioimagen.net\/index.php?rest_route=\/wp\/v2\/users\/3"}],"replies":[{"embeddable":true,"href":"https:\/\/www.diarioimagen.net\/index.php?rest_route=%2Fwp%2Fv2%2Fcomments&post=616026"}],"version-history":[{"count":0,"href":"https:\/\/www.diarioimagen.net\/index.php?rest_route=\/wp\/v2\/posts\/616026\/revisions"}],"wp:featuredmedia":[{"embeddable":true,"href":"https:\/\/www.diarioimagen.net\/index.php?rest_route=\/wp\/v2\/media\/616157"}],"wp:attachment":[{"href":"https:\/\/www.diarioimagen.net\/index.php?rest_route=%2Fwp%2Fv2%2Fmedia&parent=616026"}],"wp:term":[{"taxonomy":"category","embeddable":true,"href":"https:\/\/www.diarioimagen.net\/index.php?rest_route=%2Fwp%2Fv2%2Fcategories&post=616026"},{"taxonomy":"post_tag","embeddable":true,"href":"https:\/\/www.diarioimagen.net\/index.php?rest_route=%2Fwp%2Fv2%2Ftags&post=616026"}],"curies":[{"name":"wp","href":"https:\/\/api.w.org\/{rel}","templated":true}]}}