{"id":616195,"date":"2024-04-15T00:07:59","date_gmt":"2024-04-15T06:07:59","guid":{"rendered":"https:\/\/www.diarioimagen.net\/?p=616195"},"modified":"2024-04-16T00:19:30","modified_gmt":"2024-04-16T06:19:30","slug":"de-la-percepcion-al-reconocimiento-una-guia-cientifico-kafkiana","status":"publish","type":"post","link":"https:\/\/www.diarioimagen.net\/?p=616195","title":{"rendered":"\u201cDe la percepci\u00f3n al reconocimiento: una gu\u00eda cient\u00edfico-kafkiana\u201d"},"content":{"rendered":"<p><strong>\u00a0<\/strong><\/p>\n<ul>\n<li><em><strong>UAEM\u00e9x inaugura exposici\u00f3n fotogr\u00e1fica<\/strong><\/em><\/li>\n<\/ul>\n<p><strong>\u00a0<\/strong><\/p>\n<div id=\"attachment_616296\" style=\"width: 470px\" class=\"wp-caption aligncenter\"><a href=\"https:\/\/www.diarioimagen.net\/?attachment_id=616296\" rel=\"attachment wp-att-616296\"><img loading=\"lazy\" decoding=\"async\" aria-describedby=\"caption-attachment-616296\" class=\"size-full wp-image-616296\" src=\"https:\/\/www.diarioimagen.net\/wp-content\/uploads\/2024\/04\/uaem-de-la-percepcion.jpg\" alt=\"\" width=\"460\" height=\"270\" \/><\/a><p id=\"caption-attachment-616296\" class=\"wp-caption-text\">El expositor, Rodolfo Daniel \u00c1vila Avil\u00e9s, explic\u00f3 que esta obra fue desarrollada a trav\u00e9s de la microscop\u00eda electr\u00f3nica, una t\u00e9cnica que permite formar fotograf\u00edas de determinadas muestras que no son perceptibles al ojo humano.<\/p><\/div>\n<p>&nbsp;<\/p>\n<p><strong>Toluca, Estado de M\u00e9xico.<\/strong>\u2014 Como parte de las actividades del Laboratorio Cultural de la Universidad Aut\u00f3noma del Estado de M\u00e9xico (UAEM\u00e9x) dedicadas a la promoci\u00f3n de la tecnolog\u00eda, la ciencia y el arte, se inaugur\u00f3 la exposici\u00f3n fotogr\u00e1fica \u201cDe la percepci\u00f3n al reconocimiento: una gu\u00eda cient\u00edfico-kafkiana\u201d, de Rodolfo Daniel \u00c1vila Avil\u00e9s, en la Galer\u00eda D\u00e9lfica del Edificio UAEMITAS.<\/p>\n<p>En compa\u00f1\u00eda de la directora de Innovaci\u00f3n Cultural, Claudia Adriana Rodr\u00edguez Guadarrama, la secretaria de Difusi\u00f3n Cultural, Mar\u00eda de las Mercedes Portilla Luja, destac\u00f3 que el acercamiento al arte y la cultura, a trav\u00e9s de estas exposiciones, es elemental para entender la complejidad de las relaciones humanas, lo que fortalece la relaci\u00f3n entre la UAEM\u00e9x y sus p\u00fablicos.<\/p>\n<p>En este sentido, Portilla Luja mencion\u00f3 que derivado de un proceso de investigaci\u00f3n cient\u00edfica, esta exposici\u00f3n se conforma por 20 im\u00e1genes \u00fanicas, inspiradas en la novela cl\u00e1sica Metamorfosis, de Franz Kafka, que, junto a la pieza sonora \u201cAves, insectos y senderos sonoros\u201d, del artista Didier Eli Fuentes Reyna, transportan al p\u00fablico a una inminente transformaci\u00f3n engendrada por el reconocimiento de uno mismo.<\/p>\n<p>Durante su intervenci\u00f3n, el expositor de la obra y egresado de la Aut\u00f3noma mexiquense, Rodolfo \u00c1vila, explic\u00f3 que esta muestra fotogr\u00e1fica, realizada en el Centro Conjunto de Investigaci\u00f3n en Qu\u00edmica Sustentable UAEM\u00e9x-UNAM (CCIQS), fue desarrollada a trav\u00e9s de la microscop\u00eda electr\u00f3nica, una t\u00e9cnica empleada en el proceso de investigaci\u00f3n cient\u00edfica que permite una transmisi\u00f3n y dispersi\u00f3n de electrones para formar fotograf\u00edas de determinadas muestras que no son perceptibles a simple vista.<\/p>\n<p>\u201cEstas im\u00e1genes, de manera natural, est\u00e1n ocultas ante nuestros ojos. Es aquello que no podemos ver microsc\u00f3picamente; la complejidad de esta t\u00e9cnica radica en la limitaci\u00f3n de los movimientos, porque no lo podemos inclinar, no nos podemos gachar, no podemos cambiar las perspectivas\u201d, recalc\u00f3.<\/p>\n<p>\u00c1vila Avil\u00e9s resalt\u00f3 que la intenci\u00f3n de su obra es que, al finalizar el recorrido de esta exposici\u00f3n, la reflexi\u00f3n de cada una de estas fotograf\u00edas y la visualizaci\u00f3n del insecto protagonista de estas im\u00e1genes, las personas espectadoras comiencen un camino de la autopercepci\u00f3n hacia el autorreconocimiento, siendo capaces de conocer sus cualidades, caracter\u00edsticas y emociones a trav\u00e9s de la apreciaci\u00f3n de lo que est\u00e1 oculto en nuestro interior.<\/p>\n","protected":false},"excerpt":{"rendered":"<p>Como parte de las actividades del Laboratorio Cultural de la Universidad Aut\u00f3noma del Estado de M\u00e9xico (UAEM\u00e9x) dedicadas a la promoci\u00f3n de la tecnolog\u00eda, la ciencia y el arte, se inaugur\u00f3 la exposici\u00f3n fotogr\u00e1fica \u201cDe la percepci\u00f3n al reconocimiento: una gu\u00eda cient\u00edfico-kafkiana\u201d, de Rodolfo Daniel \u00c1vila Avil\u00e9s, en la Galer\u00eda D\u00e9lfica del Edificio UAEMITAS.<\/p>\n","protected":false},"author":3,"featured_media":616296,"comment_status":"open","ping_status":"open","sticky":false,"template":"","format":"standard","meta":{"_monsterinsights_skip_tracking":false,"_monsterinsights_sitenote_active":false,"_monsterinsights_sitenote_note":"","_monsterinsights_sitenote_category":0,"footnotes":""},"categories":[5],"tags":[18573,67878],"class_list":["post-616195","post","type-post","status-publish","format-standard","has-post-thumbnail","hentry","category-estado-de-mexico","tag-inaugura","tag-uaemex"],"_links":{"self":[{"href":"https:\/\/www.diarioimagen.net\/index.php?rest_route=\/wp\/v2\/posts\/616195","targetHints":{"allow":["GET"]}}],"collection":[{"href":"https:\/\/www.diarioimagen.net\/index.php?rest_route=\/wp\/v2\/posts"}],"about":[{"href":"https:\/\/www.diarioimagen.net\/index.php?rest_route=\/wp\/v2\/types\/post"}],"author":[{"embeddable":true,"href":"https:\/\/www.diarioimagen.net\/index.php?rest_route=\/wp\/v2\/users\/3"}],"replies":[{"embeddable":true,"href":"https:\/\/www.diarioimagen.net\/index.php?rest_route=%2Fwp%2Fv2%2Fcomments&post=616195"}],"version-history":[{"count":0,"href":"https:\/\/www.diarioimagen.net\/index.php?rest_route=\/wp\/v2\/posts\/616195\/revisions"}],"wp:featuredmedia":[{"embeddable":true,"href":"https:\/\/www.diarioimagen.net\/index.php?rest_route=\/wp\/v2\/media\/616296"}],"wp:attachment":[{"href":"https:\/\/www.diarioimagen.net\/index.php?rest_route=%2Fwp%2Fv2%2Fmedia&parent=616195"}],"wp:term":[{"taxonomy":"category","embeddable":true,"href":"https:\/\/www.diarioimagen.net\/index.php?rest_route=%2Fwp%2Fv2%2Fcategories&post=616195"},{"taxonomy":"post_tag","embeddable":true,"href":"https:\/\/www.diarioimagen.net\/index.php?rest_route=%2Fwp%2Fv2%2Ftags&post=616195"}],"curies":[{"name":"wp","href":"https:\/\/api.w.org\/{rel}","templated":true}]}}