{"id":616354,"date":"2024-04-16T00:06:52","date_gmt":"2024-04-16T06:06:52","guid":{"rendered":"https:\/\/www.diarioimagen.net\/?p=616354"},"modified":"2024-04-16T22:06:25","modified_gmt":"2024-04-17T04:06:25","slug":"autoridades-de-los-tres-ordenes-de-gobierno-dan-seguimiento-a-la-estrategia-de-seguridad-en-edomex","status":"publish","type":"post","link":"https:\/\/www.diarioimagen.net\/?p=616354","title":{"rendered":"Autoridades de los tres \u00f3rdenes de gobierno dan seguimiento a la estrategia de seguridad en Edomex"},"content":{"rendered":"<p>&nbsp;<\/p>\n<ul>\n<li><strong><em>Delfina G\u00f3mez \u00c1lvarez encabeza la Mesa de Coordinaci\u00f3n para la Construcci\u00f3n de la Paz, n\u00famero 70 de este a\u00f1o<\/em><\/strong><\/li>\n<\/ul>\n<p><strong>\u00a0<\/strong><\/p>\n<div id=\"attachment_616461\" style=\"width: 470px\" class=\"wp-caption aligncenter\"><a href=\"https:\/\/www.diarioimagen.net\/?attachment_id=616461\" rel=\"attachment wp-att-616461\"><img loading=\"lazy\" decoding=\"async\" aria-describedby=\"caption-attachment-616461\" class=\"size-full wp-image-616461\" src=\"https:\/\/www.diarioimagen.net\/wp-content\/uploads\/2024\/04\/autoridades-tres-ordenes.jpg\" alt=\"\" width=\"460\" height=\"270\" \/><\/a><p id=\"caption-attachment-616461\" class=\"wp-caption-text\">Delfina G\u00f3mez \u00c1lvarez encabez\u00f3 la Mesa de Coordinaci\u00f3n para la Construcci\u00f3n de la Paz, donde sus integrantes dieron seguimiento a la estrategia en materia de seguridad que se implementa en la entidad.<\/p><\/div>\n<p>&nbsp;<\/p>\n<p><strong>Toluca, Estado de M\u00e9xico.\u2014 <\/strong>La gobernadora del Estado de M\u00e9xico, Delfina G\u00f3mez \u00c1lvarez, encabez\u00f3 la Mesa de Coordinaci\u00f3n para la Construcci\u00f3n de la Paz, donde sus integrantes dieron seguimiento a la estrategia en materia de seguridad que se implementa en la entidad.<\/p>\n<p>En la reuni\u00f3n, que se llev\u00f3 a cabo en Palacio de Gobierno, la Maestra Delfina G\u00f3mez reiter\u00f3 que su gobierno trabaja en coordinaci\u00f3n con los tres \u00f3rdenes de gobierno, para garantizar la paz a las y los mexiquenses.<\/p>\n<p>A la Mesa, n\u00famero 70, asistieron Horacio Duarte Olivares, Secretario General de Gobierno del Estado de M\u00e9xico; Andr\u00e9s Andrade T\u00e9llez, Secretario de Seguridad estatal; Jos\u00e9 Luis Cervantes Mart\u00ednez, Fiscal General de Justicia del Estado de M\u00e9xico; representantes de las Secretar\u00edas de la Defensa Nacional (Sedena), de la Marina; Guardia Nacional, Protecci\u00f3n Civil estatal y Comisi\u00f3n de Derechos Humanos del Estado de M\u00e9xico (Codhem).<\/p>\n","protected":false},"excerpt":{"rendered":"<p>La gobernadora del Estado de M\u00e9xico, Delfina G\u00f3mez \u00c1lvarez, encabez\u00f3 la Mesa de Coordinaci\u00f3n para la Construcci\u00f3n de la Paz, donde sus integrantes dieron seguimiento a la estrategia en materia de seguridad que se implementa en la entidad.<\/p>\n","protected":false},"author":3,"featured_media":616461,"comment_status":"open","ping_status":"open","sticky":false,"template":"","format":"standard","meta":{"_monsterinsights_skip_tracking":false,"_monsterinsights_sitenote_active":false,"_monsterinsights_sitenote_note":"","_monsterinsights_sitenote_category":0,"footnotes":""},"categories":[5,99730],"tags":[57859,43675],"class_list":["post-616354","post","type-post","status-publish","format-standard","has-post-thumbnail","hentry","category-estado-de-mexico","category-edomex","tag-delfina-gomez-alvarez","tag-estado-de-mexico"],"_links":{"self":[{"href":"https:\/\/www.diarioimagen.net\/index.php?rest_route=\/wp\/v2\/posts\/616354","targetHints":{"allow":["GET"]}}],"collection":[{"href":"https:\/\/www.diarioimagen.net\/index.php?rest_route=\/wp\/v2\/posts"}],"about":[{"href":"https:\/\/www.diarioimagen.net\/index.php?rest_route=\/wp\/v2\/types\/post"}],"author":[{"embeddable":true,"href":"https:\/\/www.diarioimagen.net\/index.php?rest_route=\/wp\/v2\/users\/3"}],"replies":[{"embeddable":true,"href":"https:\/\/www.diarioimagen.net\/index.php?rest_route=%2Fwp%2Fv2%2Fcomments&post=616354"}],"version-history":[{"count":0,"href":"https:\/\/www.diarioimagen.net\/index.php?rest_route=\/wp\/v2\/posts\/616354\/revisions"}],"wp:featuredmedia":[{"embeddable":true,"href":"https:\/\/www.diarioimagen.net\/index.php?rest_route=\/wp\/v2\/media\/616461"}],"wp:attachment":[{"href":"https:\/\/www.diarioimagen.net\/index.php?rest_route=%2Fwp%2Fv2%2Fmedia&parent=616354"}],"wp:term":[{"taxonomy":"category","embeddable":true,"href":"https:\/\/www.diarioimagen.net\/index.php?rest_route=%2Fwp%2Fv2%2Fcategories&post=616354"},{"taxonomy":"post_tag","embeddable":true,"href":"https:\/\/www.diarioimagen.net\/index.php?rest_route=%2Fwp%2Fv2%2Ftags&post=616354"}],"curies":[{"name":"wp","href":"https:\/\/api.w.org\/{rel}","templated":true}]}}