{"id":616358,"date":"2024-04-16T00:01:51","date_gmt":"2024-04-16T06:01:51","guid":{"rendered":"https:\/\/www.diarioimagen.net\/?p=616358"},"modified":"2024-04-16T02:43:58","modified_gmt":"2024-04-16T08:43:58","slug":"david-parra-se-registro-como-candidato-para-diputado-por-el-distrito-electoral-32","status":"publish","type":"post","link":"https:\/\/www.diarioimagen.net\/?p=616358","title":{"rendered":"David Parra se registr\u00f3 como candidato para diputado por el Distrito Electoral 32"},"content":{"rendered":"<p>&nbsp;<\/p>\n<ul>\n<li><em><strong>Dar\u00e1 seguimiento al trabajo legislativo<\/strong><\/em><\/li>\n<\/ul>\n<p><strong>\u00a0<\/strong><\/p>\n<h6>Arturo Baena<\/h6>\n<p>&nbsp;<\/p>\n<div id=\"attachment_616463\" style=\"width: 470px\" class=\"wp-caption aligncenter\"><a href=\"https:\/\/www.diarioimagen.net\/?attachment_id=616463\" rel=\"attachment wp-att-616463\"><img loading=\"lazy\" decoding=\"async\" aria-describedby=\"caption-attachment-616463\" class=\"size-full wp-image-616463\" src=\"https:\/\/www.diarioimagen.net\/wp-content\/uploads\/2024\/04\/david-parra.jpg\" alt=\"\" width=\"460\" height=\"270\" \/><\/a><p id=\"caption-attachment-616463\" class=\"wp-caption-text\">Tras su registro como candidato para diputado por el Distrito 32, David Parra S\u00e1nchez reiter\u00f3 su compromiso de seguir trabajando para y por los mexiquenses.<\/p><\/div>\n<p>&nbsp;<\/p>\n<p><strong>Toluca, Estado de M\u00e9xico.\u2014<\/strong> En tiempo y forma, tal y como lo marcan las reglas del Revolucionario Institucional, David Parra S\u00e1nchez se registr\u00f3 como candidato a diputado por el Distrito Electoral 32 para dar continuidad al trabajo legislativo y social que ha venido desarrollando, no s\u00f3lo en el municipio de Naucalpan, sino en todo el Estado de M\u00e9xico.<\/p>\n<p>\u201cSiempre he estado y estar\u00e9 comprometido con el desarrollo integral de las familias y soy un convencido de que, trabajando hombro con hombro con la sociedad, se logran grandes resultados\u201d, dijo<\/p>\n<p>El legislador de la alianza Fuerza y Coraz\u00f3n por M\u00e9xico, que busca la reelecci\u00f3n por el Distrito 32, lleva una ventaja impresionante sobre Morena, toda vez que obtuvo poco m\u00e1s de 28 mil 990 votos a su favor en los pasados procesos electorales, que le dan una garant\u00eda de triunfo al PRI y sus aliados.<\/p>\n<p>Al t\u00e9rmino de su registro, en la sede del Comit\u00e9 Directivo Estatal (CDE) del PRI mexiquense, Parra S\u00e1nchez reiter\u00f3 su compromiso de seguir trabajando para y por los mexiquenses como siempre lo ha hecho.<\/p>\n<p>\u201cLos n\u00fameros no mienten, nuestra propuesta perme\u00f3 en los naucalpenses que confiaron y creyeron en nosotros y en 2 de junio, no ser\u00e1 la excepci\u00f3n, vamos por la continuidad y de ninguna manera les vamos a fallar\u201d, reiter\u00f3. Finalmente, el priista puntualiz\u00f3 que \u201cseguir\u00e9 manteniendo un contacto permanente con las y los mexiquenses, para seguir empoderando el bienestar social de los habitantes del Estado de M\u00e9xico\u201d.<\/p>\n","protected":false},"excerpt":{"rendered":"<p>En tiempo y forma, tal y como lo marcan las reglas del Revolucionario Institucional, David Parra S\u00e1nchez se registr\u00f3 como candidato a diputado por el Distrito Electoral 32 para dar continuidad al trabajo legislativo y social que ha venido desarrollando, no s\u00f3lo en el municipio de Naucalpan, sino en todo el Estado de M\u00e9xico.<\/p>\n","protected":false},"author":3,"featured_media":616463,"comment_status":"open","ping_status":"open","sticky":false,"template":"","format":"standard","meta":{"_monsterinsights_skip_tracking":false,"_monsterinsights_sitenote_active":false,"_monsterinsights_sitenote_note":"","_monsterinsights_sitenote_category":0,"footnotes":""},"categories":[5],"tags":[29035,43675,452],"class_list":["post-616358","post","type-post","status-publish","format-standard","has-post-thumbnail","hentry","category-estado-de-mexico","tag-david-parra-sanchez","tag-estado-de-mexico","tag-toluca"],"_links":{"self":[{"href":"https:\/\/www.diarioimagen.net\/index.php?rest_route=\/wp\/v2\/posts\/616358","targetHints":{"allow":["GET"]}}],"collection":[{"href":"https:\/\/www.diarioimagen.net\/index.php?rest_route=\/wp\/v2\/posts"}],"about":[{"href":"https:\/\/www.diarioimagen.net\/index.php?rest_route=\/wp\/v2\/types\/post"}],"author":[{"embeddable":true,"href":"https:\/\/www.diarioimagen.net\/index.php?rest_route=\/wp\/v2\/users\/3"}],"replies":[{"embeddable":true,"href":"https:\/\/www.diarioimagen.net\/index.php?rest_route=%2Fwp%2Fv2%2Fcomments&post=616358"}],"version-history":[{"count":0,"href":"https:\/\/www.diarioimagen.net\/index.php?rest_route=\/wp\/v2\/posts\/616358\/revisions"}],"wp:featuredmedia":[{"embeddable":true,"href":"https:\/\/www.diarioimagen.net\/index.php?rest_route=\/wp\/v2\/media\/616463"}],"wp:attachment":[{"href":"https:\/\/www.diarioimagen.net\/index.php?rest_route=%2Fwp%2Fv2%2Fmedia&parent=616358"}],"wp:term":[{"taxonomy":"category","embeddable":true,"href":"https:\/\/www.diarioimagen.net\/index.php?rest_route=%2Fwp%2Fv2%2Fcategories&post=616358"},{"taxonomy":"post_tag","embeddable":true,"href":"https:\/\/www.diarioimagen.net\/index.php?rest_route=%2Fwp%2Fv2%2Ftags&post=616358"}],"curies":[{"name":"wp","href":"https:\/\/api.w.org\/{rel}","templated":true}]}}