{"id":616511,"date":"2024-04-17T00:07:45","date_gmt":"2024-04-17T06:07:45","guid":{"rendered":"https:\/\/www.diarioimagen.net\/?p=616511"},"modified":"2024-04-18T00:44:19","modified_gmt":"2024-04-18T06:44:19","slug":"uaemex-comprometida-con-la-igualdad-laboral-y-no-discriminacion-en-sus-centros-de-trabajo","status":"publish","type":"post","link":"https:\/\/www.diarioimagen.net\/?p=616511","title":{"rendered":"UAEM\u00e9x, comprometida con la Igualdad Laboral y No Discriminaci\u00f3n en sus centros de trabajo"},"content":{"rendered":"<p>&nbsp;<\/p>\n<div id=\"attachment_616598\" style=\"width: 470px\" class=\"wp-caption aligncenter\"><a href=\"https:\/\/www.diarioimagen.net\/?attachment_id=616598\" rel=\"attachment wp-att-616598\"><img loading=\"lazy\" decoding=\"async\" aria-describedby=\"caption-attachment-616598\" class=\"size-full wp-image-616598\" src=\"https:\/\/www.diarioimagen.net\/wp-content\/uploads\/2024\/04\/uaem-comprometida-con-igualdad.jpg\" alt=\"\" width=\"460\" height=\"270\" \/><\/a><p id=\"caption-attachment-616598\" class=\"wp-caption-text\">La titular de la Coordinaci\u00f3n Institucional de Equidad de G\u00e9nero, Alejandra Carmona Casta\u00f1eda, destac\u00f3 que la UAEM\u00e9x, como instituci\u00f3n p\u00fablica, se suma a la erradicaci\u00f3n de todas las formas de violencia, especialmente la laboral en los centros de trabajo.<\/p><\/div>\n<p>&nbsp;<\/p>\n<p><strong>Toluca, Estado de M\u00e9xico.\u2014<\/strong> Con el objetivo de desarrollar e implementar pr\u00e1cticas de igualdad laboral y no discrimaci\u00f3n, el Consejo Consultivo Universitario para la Igualdad de G\u00e9nero y Erradicaci\u00f3n de la Violencia de la Universidad Aut\u00f3noma del Estado de M\u00e9xico (UAEM\u00e9x) cre\u00f3 la Comisi\u00f3n de Igualdad Laboral y No Discriminaci\u00f3n.<\/p>\n<p>La titular de la Coordinaci\u00f3n Institucional de Equidad de G\u00e9nero (CIEG), Alejandra Carmona Casta\u00f1eda, explic\u00f3 que la integraci\u00f3n de esta comisi\u00f3n tiene como objetivo dar seguimiento a los trabajos de certificaci\u00f3n de la Norma Mexicana NMX-R-25-SCFI-2015 en Igualdad Laboral y No Discriminaci\u00f3n en tres espacios de la Aut\u00f3noma mexiquense: Rector\u00eda, Ciudad Universitaria y el Edificio Administrativo.<\/p>\n<p>\u201cLa UAEM\u00e9x, como instituci\u00f3n p\u00fablica, se suma a la erradicaci\u00f3n de todas las formas de violencia, especialmente a la violencia laboral en los centros de trabajo. Si bien la Norma 025 inicialmente era para sectores privados, actualmente se abre un parteaguas para la participaci\u00f3n de las instituciones p\u00fablicas y sociales, generando acciones positivas entre hombres y mujeres\u201d, explic\u00f3.<\/p>\n<p>Carmona Casta\u00f1eda enfatiz\u00f3 que la Aut\u00f3noma Mexiquense ya cuenta con una pol\u00edtica de igualdad laboral, por lo que durante la sesi\u00f3n se present\u00f3 su actualizaci\u00f3n y, actualmente, sanciona cualquier acto o discriminaci\u00f3n que promueva la violencia laboral dentro de los centros de trabajo o espacios acad\u00e9micos y busca generar espacios de trabajo m\u00e1s equitativos.<\/p>\n<p>Asimismo, destac\u00f3 que de obtener la certificaci\u00f3n, se generar\u00e1 un esquema de trabajo para propiciar mejores pr\u00e1cticas laborales. El compromiso de las y los universitarios con la NMX-025 es la mejora de los procesos cotidianos en favor de una igualdad sustantiva para todas y todos.<\/p>\n<p>Con estas acciones la UAEM\u00e9x reitera su pol\u00edtica de cero tolerancias a cualquier tipo de violencia dentro de la comunidad universitaria.<\/p>\n","protected":false},"excerpt":{"rendered":"<p>Con el objetivo de desarrollar e implementar pr\u00e1cticas de igualdad laboral y no discrimaci\u00f3n, el Consejo Consultivo Universitario para la Igualdad de G\u00e9nero y Erradicaci\u00f3n de la Violencia de la Universidad Aut\u00f3noma del Estado de M\u00e9xico (UAEM\u00e9x) cre\u00f3 la Comisi\u00f3n de Igualdad Laboral y No Discriminaci\u00f3n.<\/p>\n","protected":false},"author":3,"featured_media":616598,"comment_status":"open","ping_status":"open","sticky":false,"template":"","format":"standard","meta":{"_monsterinsights_skip_tracking":false,"_monsterinsights_sitenote_active":false,"_monsterinsights_sitenote_note":"","_monsterinsights_sitenote_category":0,"footnotes":""},"categories":[5],"tags":[99803,67878],"class_list":["post-616511","post","type-post","status-publish","format-standard","has-post-thumbnail","hentry","category-estado-de-mexico","tag-centros-de-trabajo","tag-uaemex"],"_links":{"self":[{"href":"https:\/\/www.diarioimagen.net\/index.php?rest_route=\/wp\/v2\/posts\/616511","targetHints":{"allow":["GET"]}}],"collection":[{"href":"https:\/\/www.diarioimagen.net\/index.php?rest_route=\/wp\/v2\/posts"}],"about":[{"href":"https:\/\/www.diarioimagen.net\/index.php?rest_route=\/wp\/v2\/types\/post"}],"author":[{"embeddable":true,"href":"https:\/\/www.diarioimagen.net\/index.php?rest_route=\/wp\/v2\/users\/3"}],"replies":[{"embeddable":true,"href":"https:\/\/www.diarioimagen.net\/index.php?rest_route=%2Fwp%2Fv2%2Fcomments&post=616511"}],"version-history":[{"count":0,"href":"https:\/\/www.diarioimagen.net\/index.php?rest_route=\/wp\/v2\/posts\/616511\/revisions"}],"wp:featuredmedia":[{"embeddable":true,"href":"https:\/\/www.diarioimagen.net\/index.php?rest_route=\/wp\/v2\/media\/616598"}],"wp:attachment":[{"href":"https:\/\/www.diarioimagen.net\/index.php?rest_route=%2Fwp%2Fv2%2Fmedia&parent=616511"}],"wp:term":[{"taxonomy":"category","embeddable":true,"href":"https:\/\/www.diarioimagen.net\/index.php?rest_route=%2Fwp%2Fv2%2Fcategories&post=616511"},{"taxonomy":"post_tag","embeddable":true,"href":"https:\/\/www.diarioimagen.net\/index.php?rest_route=%2Fwp%2Fv2%2Ftags&post=616511"}],"curies":[{"name":"wp","href":"https:\/\/api.w.org\/{rel}","templated":true}]}}