{"id":616513,"date":"2024-04-17T00:06:39","date_gmt":"2024-04-17T06:06:39","guid":{"rendered":"https:\/\/www.diarioimagen.net\/?p=616513"},"modified":"2024-04-18T00:47:18","modified_gmt":"2024-04-18T06:47:18","slug":"programa-de-educacion-inicial-no-escolarizada-llega-a-zonas-rurales-indigenas-y-de-alta-marginacion","status":"publish","type":"post","link":"https:\/\/www.diarioimagen.net\/?p=616513","title":{"rendered":"Programa de Educaci\u00f3n Inicial no Escolarizada llega a zonas rurales, ind\u00edgenas y\u00a0de alta marginaci\u00f3n"},"content":{"rendered":"<p>&nbsp;<\/p>\n<ul>\n<li><strong><em>La Secretar\u00eda de Educaci\u00f3n, Ciencia, Tecnolog\u00eda e Innovaci\u00f3n brinda servicios a la primera infancia<\/em><\/strong><\/li>\n<\/ul>\n<p>&nbsp;<\/p>\n<div id=\"attachment_616611\" style=\"width: 470px\" class=\"wp-caption aligncenter\"><a href=\"https:\/\/www.diarioimagen.net\/?attachment_id=616611\" rel=\"attachment wp-att-616611\"><img loading=\"lazy\" decoding=\"async\" aria-describedby=\"caption-attachment-616611\" class=\"size-full wp-image-616611\" src=\"https:\/\/www.diarioimagen.net\/wp-content\/uploads\/2024\/04\/programa-educacion-inicial.jpg\" alt=\"\" width=\"460\" height=\"270\" \/><\/a><p id=\"caption-attachment-616611\" class=\"wp-caption-text\">Madres y padres de familia, as\u00ed como mujeres embarazadas, son instruidas en pr\u00e1cticas de buena crianza a trav\u00e9s de sesiones donde se promueve el juego y la interacci\u00f3n que propician aprendizajes para el desarrollo integral de ni\u00f1as y ni\u00f1os.<\/p><\/div>\n<p>&nbsp;<\/p>\n<p><strong>Toluca, Estado de M\u00e9xico.\u2014<\/strong> Ni\u00f1as y ni\u00f1os menores de tres de a\u00f1os que habitan en zonas rurales, comunidades ind\u00edgenas y zonas urbanas de alta marginaci\u00f3n, reciben Educaci\u00f3n Inicial No Escolarizada a trav\u00e9s de la Secretar\u00eda de Educaci\u00f3n, Ciencia, Tecnolog\u00eda e Innovaci\u00f3n del Estado de M\u00e9xico (SECTI).<\/p>\n<p>Madres y padres de familia, as\u00ed como mujeres embarazadas, son instruidas en pr\u00e1cticas de buena crianza a trav\u00e9s de sesiones donde se promueve el juego y la interacci\u00f3n que propician aprendizajes para el desarrollo integral de ni\u00f1as y ni\u00f1os.<\/p>\n<p>Este programa es desarrollado por los Servicios Educativos Integrados al Estado de M\u00e9xico (SEIEM), dependientes SECTI. Las sesiones con los tutores se enfocan a la reflexi\u00f3n de las pr\u00e1cticas de crianza favorables para la Primera Infancia que abarca desde el nacimiento y hasta los dos a\u00f1os 11 meses de edad, al tiempo que se prepara una transici\u00f3n exitosa a la educaci\u00f3n preescolar.<\/p>\n<p>De acuerdo con SEIEM, el involucramiento y la participaci\u00f3n de las familias y dem\u00e1s miembros de la comunidad, ha logrado orientar favorablemente las relaciones entre personas adultas e infantes en sus actividades cotidianas.<\/p>\n<p>La dependencia adscrita a la SECTI destaca que este tipo de educaci\u00f3n debe verse como un derecho y no un privilegio, toda vez que se requiere en una etapa fundamental para el desarrollo de la Primera Infancia y porque en ella se asientan las bases del aprendizaje y el desarrollo emocional, as\u00ed como las actitudes que promueven el di\u00e1logo y la tolerancia en las relaciones interpersonales.<\/p>\n<p>Resalt\u00f3 que la Educaci\u00f3n Inicial impacta en la eficacia del sistema educativo, porque ayuda no s\u00f3lo a mejorar los aprendizajes, sino tambi\u00e9n a disminuir los \u00edndices de reprobaci\u00f3n y fracaso escolar, gracias a las diferentes vertientes que tiene su funci\u00f3n social como es en el plano asistencial, que atiende las necesidades de alimentaci\u00f3n, prevenci\u00f3n y tratamiento de la salud.<\/p>\n<p>Las autoridades educativas se\u00f1alan que este modelo educativo, constituye la base sustantiva del proceso de aprendizaje a largo plazo y resulta vital para la estimulaci\u00f3n y cuidados que reciben los infantes, para el desarrollo de habilidades sociales, cognitivas, sensoriales, perceptivas y motoras.<strong><br \/>\n<\/strong><\/p>\n","protected":false},"excerpt":{"rendered":"<p>Ni\u00f1as y ni\u00f1os menores de tres de a\u00f1os que habitan en zonas rurales, comunidades ind\u00edgenas y zonas urbanas de alta marginaci\u00f3n, reciben Educaci\u00f3n Inicial No Escolarizada a trav\u00e9s de la Secretar\u00eda de Educaci\u00f3n, Ciencia, <\/p>\n","protected":false},"author":3,"featured_media":616611,"comment_status":"open","ping_status":"open","sticky":false,"template":"","format":"standard","meta":{"_monsterinsights_skip_tracking":false,"_monsterinsights_sitenote_active":false,"_monsterinsights_sitenote_note":"","_monsterinsights_sitenote_category":0,"footnotes":""},"categories":[5,99730],"tags":[43675,8809,94713,452],"class_list":["post-616513","post","type-post","status-publish","format-standard","has-post-thumbnail","hentry","category-estado-de-mexico","category-edomex","tag-estado-de-mexico","tag-indigenas","tag-marginacion","tag-toluca"],"_links":{"self":[{"href":"https:\/\/www.diarioimagen.net\/index.php?rest_route=\/wp\/v2\/posts\/616513","targetHints":{"allow":["GET"]}}],"collection":[{"href":"https:\/\/www.diarioimagen.net\/index.php?rest_route=\/wp\/v2\/posts"}],"about":[{"href":"https:\/\/www.diarioimagen.net\/index.php?rest_route=\/wp\/v2\/types\/post"}],"author":[{"embeddable":true,"href":"https:\/\/www.diarioimagen.net\/index.php?rest_route=\/wp\/v2\/users\/3"}],"replies":[{"embeddable":true,"href":"https:\/\/www.diarioimagen.net\/index.php?rest_route=%2Fwp%2Fv2%2Fcomments&post=616513"}],"version-history":[{"count":0,"href":"https:\/\/www.diarioimagen.net\/index.php?rest_route=\/wp\/v2\/posts\/616513\/revisions"}],"wp:featuredmedia":[{"embeddable":true,"href":"https:\/\/www.diarioimagen.net\/index.php?rest_route=\/wp\/v2\/media\/616611"}],"wp:attachment":[{"href":"https:\/\/www.diarioimagen.net\/index.php?rest_route=%2Fwp%2Fv2%2Fmedia&parent=616513"}],"wp:term":[{"taxonomy":"category","embeddable":true,"href":"https:\/\/www.diarioimagen.net\/index.php?rest_route=%2Fwp%2Fv2%2Fcategories&post=616513"},{"taxonomy":"post_tag","embeddable":true,"href":"https:\/\/www.diarioimagen.net\/index.php?rest_route=%2Fwp%2Fv2%2Ftags&post=616513"}],"curies":[{"name":"wp","href":"https:\/\/api.w.org\/{rel}","templated":true}]}}