{"id":616517,"date":"2024-04-17T00:04:26","date_gmt":"2024-04-17T06:04:26","guid":{"rendered":"https:\/\/www.diarioimagen.net\/?p=616517"},"modified":"2024-04-17T01:46:03","modified_gmt":"2024-04-17T07:46:03","slug":"vamos-a-regresar-la-tranquilidad-que-piden-los-mexicanos-dice-enrique-vargas-del-villar","status":"publish","type":"post","link":"https:\/\/www.diarioimagen.net\/?p=616517","title":{"rendered":"Vamos a regresar la tranquilidad que piden los mexicanos, dice Enrique Vargas del Villar"},"content":{"rendered":"<p>&nbsp;<\/p>\n<ul>\n<li><strong><em>\u201cNo les fallaremos a familias\u201d<\/em><\/strong><\/li>\n<\/ul>\n<p>&nbsp;<\/p>\n<h6>Arturo Baena<\/h6>\n<p>&nbsp;<\/p>\n<div id=\"attachment_616642\" style=\"width: 470px\" class=\"wp-caption aligncenter\"><a href=\"https:\/\/www.diarioimagen.net\/?attachment_id=616642\" rel=\"attachment wp-att-616642\"><img loading=\"lazy\" decoding=\"async\" aria-describedby=\"caption-attachment-616642\" class=\"size-full wp-image-616642\" src=\"https:\/\/www.diarioimagen.net\/wp-content\/uploads\/2024\/04\/vamos-a-regresar.jpg\" alt=\"\" width=\"460\" height=\"270\" \/><\/a><p id=\"caption-attachment-616642\" class=\"wp-caption-text\">Enrique Vargas del Villar reiter\u00f3 el compromiso de regresar los programas sociales que fueron recortados en administraciones anteriores, como lo son\u00a0 las estancias infantiles.<\/p><\/div>\n<p>&nbsp;<\/p>\n<p><strong>Valle de M\u00e9xico.\u2014<\/strong> Vamos con paso firme y de la mano de X\u00f3chitl G\u00e1lvez Ruiz para ganar los procesos electorales del 2 de junio. Recuperaremos la seguridad p\u00fablica y social que requieren y demandan las familias mexicanas. En ello estamos comprometidos y no les vamos a fallar.<\/p>\n<p>As\u00ed lo asegur\u00f3, en entrevista, Enrique Vargas del Villar, candidato al Senado de la Rep\u00fablica por la alianza Fuerza y Coraz\u00f3n por M\u00e9xico, luego de reiterar su compromiso de regresar los programas sociales que fueron recortados en administraciones anteriores, como lo son\u00a0 las estancias infantiles.<\/p>\n<p>Vargas del Villar record\u00f3 la importancia de este programa para apoyar a las madres trabajadoras; \u201ctoda vez que es esencial para que puedan trabajar mientras sus hijos reciben los cuidados apropiados\u201d, dijo. Sobre el particular, Consejos de Participaci\u00f3n Ciudadana (Copacis) reiteran que \u201cdurante su carrera pol\u00edtica, Enrique Vargas, ha mostrado un fuerte inter\u00e9s en programas sociales, participando en la inauguraci\u00f3n de m\u00faltiples estancias infantiles en el municipio del cual fue alcalde en dos ocasiones: Huixquilucan\u201d, abundaron.<\/p>\n<p>Durante sus giras de campa\u00f1a por varias entidades del Estado de M\u00e9xico, dicen los l\u00edderes sociales, \u201cVargas del Villar se ha comprometido a que, desde el Senado de la Rep\u00fablica, una de sus prioridades ser\u00e1 restaurar el Seguro Popular y las estancias infantiles, argumentando que estos son fundamentales para la salud y bienestar de las familias mexicanas\u201d, destacaron.<\/p>\n","protected":false},"excerpt":{"rendered":"<p>Vamos con paso firme y de la mano de X\u00f3chitl G\u00e1lvez Ruiz para ganar los procesos electorales del 2 de junio. Recuperaremos la seguridad p\u00fablica y social que requieren y demandan las familias mexicanas. En ello estamos comprometidos y no les vamos a fallar.<\/p>\n","protected":false},"author":3,"featured_media":616642,"comment_status":"open","ping_status":"open","sticky":false,"template":"","format":"standard","meta":{"_monsterinsights_skip_tracking":false,"_monsterinsights_sitenote_active":false,"_monsterinsights_sitenote_note":"","_monsterinsights_sitenote_category":0,"footnotes":""},"categories":[5],"tags":[47218,78466,86981],"class_list":["post-616517","post","type-post","status-publish","format-standard","has-post-thumbnail","hentry","category-estado-de-mexico","tag-enrique-vargas-del-villar","tag-tranquilidad","tag-vamos"],"_links":{"self":[{"href":"https:\/\/www.diarioimagen.net\/index.php?rest_route=\/wp\/v2\/posts\/616517","targetHints":{"allow":["GET"]}}],"collection":[{"href":"https:\/\/www.diarioimagen.net\/index.php?rest_route=\/wp\/v2\/posts"}],"about":[{"href":"https:\/\/www.diarioimagen.net\/index.php?rest_route=\/wp\/v2\/types\/post"}],"author":[{"embeddable":true,"href":"https:\/\/www.diarioimagen.net\/index.php?rest_route=\/wp\/v2\/users\/3"}],"replies":[{"embeddable":true,"href":"https:\/\/www.diarioimagen.net\/index.php?rest_route=%2Fwp%2Fv2%2Fcomments&post=616517"}],"version-history":[{"count":0,"href":"https:\/\/www.diarioimagen.net\/index.php?rest_route=\/wp\/v2\/posts\/616517\/revisions"}],"wp:featuredmedia":[{"embeddable":true,"href":"https:\/\/www.diarioimagen.net\/index.php?rest_route=\/wp\/v2\/media\/616642"}],"wp:attachment":[{"href":"https:\/\/www.diarioimagen.net\/index.php?rest_route=%2Fwp%2Fv2%2Fmedia&parent=616517"}],"wp:term":[{"taxonomy":"category","embeddable":true,"href":"https:\/\/www.diarioimagen.net\/index.php?rest_route=%2Fwp%2Fv2%2Fcategories&post=616517"},{"taxonomy":"post_tag","embeddable":true,"href":"https:\/\/www.diarioimagen.net\/index.php?rest_route=%2Fwp%2Fv2%2Ftags&post=616517"}],"curies":[{"name":"wp","href":"https:\/\/api.w.org\/{rel}","templated":true}]}}