{"id":616521,"date":"2024-04-17T00:02:05","date_gmt":"2024-04-17T06:02:05","guid":{"rendered":"https:\/\/www.diarioimagen.net\/?p=616521"},"modified":"2024-04-17T01:44:29","modified_gmt":"2024-04-17T07:44:29","slug":"se-quejan-liderazgos-de-morena-por-imposiciones-de-candidaturas","status":"publish","type":"post","link":"https:\/\/www.diarioimagen.net\/?p=616521","title":{"rendered":"Se quejan liderazgos de Morena por imposiciones de candidaturas"},"content":{"rendered":"<p>&nbsp;<\/p>\n<ul>\n<li><em><strong>Manifestaci\u00f3n en Toluca<\/strong><\/em><\/li>\n<\/ul>\n<p>&nbsp;<\/p>\n<div id=\"attachment_616638\" style=\"width: 470px\" class=\"wp-caption aligncenter\"><a href=\"https:\/\/www.diarioimagen.net\/?attachment_id=616638\" rel=\"attachment wp-att-616638\"><img loading=\"lazy\" decoding=\"async\" aria-describedby=\"caption-attachment-616638\" class=\"size-full wp-image-616638\" src=\"https:\/\/www.diarioimagen.net\/wp-content\/uploads\/2024\/04\/se-quejan-liderazgos.jpg\" alt=\"\" width=\"460\" height=\"270\" \/><\/a><p id=\"caption-attachment-616638\" class=\"wp-caption-text\">Morenistas de diferentes municipios del Estado de M\u00e9xico se manifestaron frente a Palacio de Gobierno, en Toluca, en protesta por las imposiciones de candidatos.<\/p><\/div>\n<p>&nbsp;<\/p>\n<p><strong>Toluca, Estado de M\u00e9xico.\u2014<\/strong> Poco m\u00e1s de un centenar de morenistas de diferentes municipios del Estado de M\u00e9xico se manifestaron frente a Palacio de Gobierno y solicitaron a la gobernadora Delfina G\u00f3mez \u00c1lvarez intervenga y evite imposiciones de candidatos para la jornada electoral que se avecina.<\/p>\n<p>Los inconformes llegaron de municipios como: Huixquilucan, Jiquipilco, Almoloya de Ju\u00e1rez, Toluca y Texcalyacac, entre otros. \u201cSabemos que no es la instancia para manifestarnos pero estamos haciendo presi\u00f3n para que Martha Guerrero responda todas nuestras peticiones\u201d, indic\u00f3 una de las manifestantes proveniente de Huixquilucan.<\/p>\n<p>Asimismo, dijo que hay mucha gente del pueblo que se ha partido el alma formando comit\u00e9s de militantes y simpatizantes, trabajando desde abajo para que el sector ind\u00edgena tenga un espacio en la pol\u00edtica.<\/p>\n<p>\u201cDe seguir con estas imposiciones injustas por lo menos en Huixquilucan se perder\u00e1 el voto morenista, porque no estamos dispuestos a apoyar a un corrupto panista que a todas luces ha sido impuesto por\u00a0 Martha Guerrero\u201d, asever\u00f3.<\/p>\n<p>Cabe mencionar que personal del gobierno del Estado de M\u00e9xico intentaron dialogar con los manifestantes y persuadirlos para trasladarlos a la instancia correspondiente donde pueden inconformarse, pero se\u00f1alaron que seguir\u00e1n en dicho lugar hasta que el cuerpo aguante o hasta que Martha Guerrero los atienda.<\/p>\n","protected":false},"excerpt":{"rendered":"<p>Poco m\u00e1s de un centenar de morenistas de diferentes municipios del Estado de M\u00e9xico se manifestaron frente a Palacio de Gobierno y solicitaron a la gobernadora Delfina G\u00f3mez \u00c1lvarez intervenga y evite imposiciones de candidatos para la jornada electoral que se avecina.<\/p>\n","protected":false},"author":3,"featured_media":616638,"comment_status":"open","ping_status":"open","sticky":false,"template":"","format":"standard","meta":{"_monsterinsights_skip_tracking":false,"_monsterinsights_sitenote_active":false,"_monsterinsights_sitenote_note":"","_monsterinsights_sitenote_category":0,"footnotes":""},"categories":[5],"tags":[1240,43675,99805,452],"class_list":["post-616521","post","type-post","status-publish","format-standard","has-post-thumbnail","hentry","category-estado-de-mexico","tag-candidaturas","tag-estado-de-mexico","tag-imposiciones","tag-toluca"],"_links":{"self":[{"href":"https:\/\/www.diarioimagen.net\/index.php?rest_route=\/wp\/v2\/posts\/616521","targetHints":{"allow":["GET"]}}],"collection":[{"href":"https:\/\/www.diarioimagen.net\/index.php?rest_route=\/wp\/v2\/posts"}],"about":[{"href":"https:\/\/www.diarioimagen.net\/index.php?rest_route=\/wp\/v2\/types\/post"}],"author":[{"embeddable":true,"href":"https:\/\/www.diarioimagen.net\/index.php?rest_route=\/wp\/v2\/users\/3"}],"replies":[{"embeddable":true,"href":"https:\/\/www.diarioimagen.net\/index.php?rest_route=%2Fwp%2Fv2%2Fcomments&post=616521"}],"version-history":[{"count":0,"href":"https:\/\/www.diarioimagen.net\/index.php?rest_route=\/wp\/v2\/posts\/616521\/revisions"}],"wp:featuredmedia":[{"embeddable":true,"href":"https:\/\/www.diarioimagen.net\/index.php?rest_route=\/wp\/v2\/media\/616638"}],"wp:attachment":[{"href":"https:\/\/www.diarioimagen.net\/index.php?rest_route=%2Fwp%2Fv2%2Fmedia&parent=616521"}],"wp:term":[{"taxonomy":"category","embeddable":true,"href":"https:\/\/www.diarioimagen.net\/index.php?rest_route=%2Fwp%2Fv2%2Fcategories&post=616521"},{"taxonomy":"post_tag","embeddable":true,"href":"https:\/\/www.diarioimagen.net\/index.php?rest_route=%2Fwp%2Fv2%2Ftags&post=616521"}],"curies":[{"name":"wp","href":"https:\/\/api.w.org\/{rel}","templated":true}]}}