{"id":616523,"date":"2024-04-17T00:01:11","date_gmt":"2024-04-17T06:01:11","guid":{"rendered":"https:\/\/www.diarioimagen.net\/?p=616523"},"modified":"2024-04-17T01:43:52","modified_gmt":"2024-04-17T07:43:52","slug":"renuncia-al-pan-el-legislador-mexiquense-adrian-juarez-jimenez","status":"publish","type":"post","link":"https:\/\/www.diarioimagen.net\/?p=616523","title":{"rendered":"Renuncia al PAN el legislador mexiquense Adri\u00e1n Ju\u00e1rez Jim\u00e9nez"},"content":{"rendered":"<p>&nbsp;<\/p>\n<p><a href=\"https:\/\/www.diarioimagen.net\/?attachment_id=616636\" rel=\"attachment wp-att-616636\"><img loading=\"lazy\" decoding=\"async\" class=\"aligncenter size-full wp-image-616636\" src=\"https:\/\/www.diarioimagen.net\/wp-content\/uploads\/2024\/04\/renuncia-al-pan-legislador.jpg\" alt=\"\" width=\"460\" height=\"270\" \/><\/a><\/p>\n<p><strong>\u00a0<\/strong><\/p>\n<p><strong>Tlalnepantla, Estado de M\u00e9xico.\u2014<\/strong> Tras 28 a\u00f1os de pertenecer a las filas del Partido Acci\u00f3n Nacional (PAN) en el Estado de M\u00e9xico, Adri\u00e1n Ju\u00e1rez Jim\u00e9nez, renunci\u00f3 a ese instituto pol\u00edtico, que, desde hoy, lo convierten en legislador independiente.<\/p>\n<p>Fue a trav\u00e9s de un v\u00eddeo difundido en sus redes sociales, que Adri\u00e1n Ju\u00e1rez, determin\u00f3 dar a conocer a las y los tlalnepantlenses su decisi\u00f3n. El legislador mexiquense refrend\u00f3 su compromiso de seguir trabajando por las familias del municipio que lo vio nacer y convirti\u00f3 en legislador de Acci\u00f3n.<\/p>\n<p>Algunos de sus m\u00e1s cercanos colaboradores aseguraron que Adri\u00e1n Ju\u00e1rez, \u201ca\u00fan no decide a que partido pol\u00edtico se sumar\u00e1, pero desde hace unas semanas lo han estado buscando\u201d, dijeron. Trascendi\u00f3 que el ahora candidato independiente, podr\u00eda sumarse a Morena para apoyar a Claudia Sheinbaum y a Raciel P\u00e9rez, sin embargo, se dijo que tambi\u00e9n podr\u00eda sumarse al partido Movimiento Ciudadano.<\/p>\n","protected":false},"excerpt":{"rendered":"<p>Tras 28 a\u00f1os de pertenecer a las filas del Partido Acci\u00f3n Nacional (PAN) en el Estado de M\u00e9xico, Adri\u00e1n Ju\u00e1rez Jim\u00e9nez, renunci\u00f3 a ese instituto pol\u00edtico, que, desde hoy, lo convierten en legislador independiente.<\/p>\n","protected":false},"author":3,"featured_media":616636,"comment_status":"open","ping_status":"open","sticky":false,"template":"","format":"standard","meta":{"_monsterinsights_skip_tracking":false,"_monsterinsights_sitenote_active":false,"_monsterinsights_sitenote_note":"","_monsterinsights_sitenote_category":0,"footnotes":""},"categories":[5],"tags":[92953,43675,13463,169],"class_list":["post-616523","post","type-post","status-publish","format-standard","has-post-thumbnail","hentry","category-estado-de-mexico","tag-adrian-juarez-jimenez","tag-estado-de-mexico","tag-renuncia","tag-tlalnepantla"],"_links":{"self":[{"href":"https:\/\/www.diarioimagen.net\/index.php?rest_route=\/wp\/v2\/posts\/616523","targetHints":{"allow":["GET"]}}],"collection":[{"href":"https:\/\/www.diarioimagen.net\/index.php?rest_route=\/wp\/v2\/posts"}],"about":[{"href":"https:\/\/www.diarioimagen.net\/index.php?rest_route=\/wp\/v2\/types\/post"}],"author":[{"embeddable":true,"href":"https:\/\/www.diarioimagen.net\/index.php?rest_route=\/wp\/v2\/users\/3"}],"replies":[{"embeddable":true,"href":"https:\/\/www.diarioimagen.net\/index.php?rest_route=%2Fwp%2Fv2%2Fcomments&post=616523"}],"version-history":[{"count":0,"href":"https:\/\/www.diarioimagen.net\/index.php?rest_route=\/wp\/v2\/posts\/616523\/revisions"}],"wp:featuredmedia":[{"embeddable":true,"href":"https:\/\/www.diarioimagen.net\/index.php?rest_route=\/wp\/v2\/media\/616636"}],"wp:attachment":[{"href":"https:\/\/www.diarioimagen.net\/index.php?rest_route=%2Fwp%2Fv2%2Fmedia&parent=616523"}],"wp:term":[{"taxonomy":"category","embeddable":true,"href":"https:\/\/www.diarioimagen.net\/index.php?rest_route=%2Fwp%2Fv2%2Fcategories&post=616523"},{"taxonomy":"post_tag","embeddable":true,"href":"https:\/\/www.diarioimagen.net\/index.php?rest_route=%2Fwp%2Fv2%2Ftags&post=616523"}],"curies":[{"name":"wp","href":"https:\/\/api.w.org\/{rel}","templated":true}]}}