{"id":616531,"date":"2024-04-17T00:01:30","date_gmt":"2024-04-17T06:01:30","guid":{"rendered":"https:\/\/www.diarioimagen.net\/?p=616531"},"modified":"2024-04-17T01:38:42","modified_gmt":"2024-04-17T07:38:42","slug":"si-la-onu-no-expulsa-a-ecuador-quedara-como-florero-amlo","status":"publish","type":"post","link":"https:\/\/www.diarioimagen.net\/?p=616531","title":{"rendered":"Si la ONU no expulsa a Ecuador quedar\u00e1 como \u201cflorero\u201d: AMLO"},"content":{"rendered":"<p>&nbsp;<\/p>\n<ul>\n<li><strong><em>Defensa del derecho de asilo<\/em><\/strong><\/li>\n<\/ul>\n<p>&nbsp;<\/p>\n<div id=\"attachment_616609\" style=\"width: 470px\" class=\"wp-caption aligncenter\"><a href=\"https:\/\/www.diarioimagen.net\/?attachment_id=616609\" rel=\"attachment wp-att-616609\"><img loading=\"lazy\" decoding=\"async\" aria-describedby=\"caption-attachment-616609\" class=\"size-full wp-image-616609\" src=\"https:\/\/www.diarioimagen.net\/wp-content\/uploads\/2024\/04\/amlo-3.jpg\" alt=\"\" width=\"460\" height=\"270\" \/><\/a><p id=\"caption-attachment-616609\" class=\"wp-caption-text\">Andr\u00e9s Manuel L\u00f3pez Obrador anunci\u00f3 que su\u00a0\u00a0gobierno insistir\u00e1 en su planteamiento de que Ecuador sea suspendido de la Organizaci\u00f3n de las Naciones Unidas por la irrupci\u00f3n de la embajada mexicana.<\/p><\/div>\n<p>&nbsp;<\/p>\n<p>Si la Organizaci\u00f3n de las Naciones Unidas (ONU) no expulsa a Ecuador por el caso de la invasi\u00f3n de la embajada de M\u00e9xico en ese pa\u00eds, este organismo va a quedar como un florero, un adorno\u201d y ser\u00e1 \u201cel mundo de los gorilas\u201d, afirm\u00f3 el presidente Andr\u00e9s Manuel L\u00f3pez Obrador.<\/p>\n<p>En su conferencia ma\u00f1anera, el primer mandatario se\u00f1al\u00f3 que con su denuncia ante la Corte Internacional de Justicia se busca defender el derecho de asilo a los perseguidos por razones pol\u00edticas, la cual, destac\u00f3, es parte de la tradici\u00f3n de la pol\u00edtica exterior mexicana.<\/p>\n<p>\u201cNosotros queremos que la Corte de Justicia Internacional act\u00fae y es muy claro lo que estamos planteando: primero, una separaci\u00f3n de Ecuador, el Estado Ecuador de las Naciones Unidas, en tanto no se pronuncie ofreciendo un compromiso de no repetici\u00f3n. La aceptaci\u00f3n de que violaron nuestra soberan\u00eda nos importa tambi\u00e9n el que no haya repetici\u00f3n en ning\u00fan caso y es el momento para que cualquier Estado que viole la soberan\u00eda de una embajada de otro pa\u00eds y que viole el derecho de asilo, el derecho internacional se le expulse de la ONU.<\/p>\n<p>\u201cQue el Tribunal de Justicia Internacional resuelva sobre esto y que esa resoluci\u00f3n pase a la Asamblea General de Naciones Unidas. Se vote, se ponga a consideraci\u00f3n de todos los piases miembros y si se aprueba, que se aplique y el Consejo de Naciones Unidas no tenga derecho a veto, porque si no se act\u00faa as\u00ed la ONU va a quedar como un florero, nada m\u00e1s como adorno\u201d, dijo.<\/p>\n<p>L\u00f3pez Obrador manifest\u00f3 que no se puede permitir que se rompa y que se vulnere el derecho internacional, como se hizo en el caso de Ecuador porque ser\u00eda, se\u00f1al\u00f3, \u201cla ley del m\u00e1s fuerte, el mundo de los gorilas, ya lo he dicho con todo respeto a los gorilas\u201d-<\/p>\n<p>\u201cEso es lo que nosotros estamos planteando y defender el derecho de asilo, los perseguidos por razones pol\u00edticas deben de ser apoyados, protegidos por el derroco de asilo es parte de nuestra tradici\u00f3n de pol\u00edtica exterior y eso se tiene que defender. Eso es lo que estamos planteando\u201d, agreg\u00f3.<\/p>\n<p style=\"text-align: center;\"><strong>Lamenta AMLO muerte del periodista Mario Men\u00e9ndez<\/strong><\/p>\n<p>\u00a0En otro tema, L\u00f3pez Obrador expres\u00f3 este martes su p\u00e9same por el fallecimiento de Mario Renato Men\u00e9ndez, periodista y fundador de los diarios Por Esto! y la revista Por Qu\u00e9?.<\/p>\n<p>\u201cFue nuestro entra\u00f1able amigo y siempre nos abri\u00f3 los espacios de Por Esto! de Yucat\u00e1n y de otros estados de la pen\u00ednsula para informar del movimiento de transformaci\u00f3n. Que descanse en paz mi hermano y compa\u00f1ero Mario Renato\u201d, dijo el mandatario federal al arranque de su conferencia de prensa diaria en Palacio Nacional.<\/p>\n<p>L\u00f3pez Obrador record\u00f3 que Men\u00e9ndez \u201csum\u00f3 66 a\u00f1os de vida profesional. Todav\u00eda hasta hace poco llegaba al peri\u00f3dico en M\u00e9rida y \u00e9l hac\u00eda la edici\u00f3n. Yo lo visitaba cuando iba a Yucat\u00e1n como opositor a las diez, a las once, a las doce de la noche, como se trabaja en los peri\u00f3dicos\u201d.<\/p>\n<p>\u201cSu periodismo se caracteriz\u00f3 por combatir el oficialismo del poder Ejecutivo y estaba comprometido con la verdad y la justicia\u201d, afirm\u00f3 el tabasque\u00f1o.<\/p>\n","protected":false},"excerpt":{"rendered":"<p>Si la Organizaci\u00f3n de las Naciones Unidas (ONU) no expulsa a Ecuador por el caso de la invasi\u00f3n de la embajada de M\u00e9xico en ese pa\u00eds, este organismo va a quedar como un florero, un adorno\u201d y ser\u00e1 \u201cel mundo\u00a0de\u00a0los\u00a0gorilas\u201d, afirm\u00f3 el presidente Andr\u00e9s Manuel L\u00f3pez Obrador.<\/p>\n","protected":false},"author":3,"featured_media":616609,"comment_status":"open","ping_status":"open","sticky":false,"template":"","format":"standard","meta":{"_monsterinsights_skip_tracking":false,"_monsterinsights_sitenote_active":false,"_monsterinsights_sitenote_note":"","_monsterinsights_sitenote_category":0,"footnotes":""},"categories":[3],"tags":[3093,92440,617],"class_list":["post-616531","post","type-post","status-publish","format-standard","has-post-thumbnail","hentry","category-nacional","tag-ecuador","tag-florero","tag-onu"],"_links":{"self":[{"href":"https:\/\/www.diarioimagen.net\/index.php?rest_route=\/wp\/v2\/posts\/616531","targetHints":{"allow":["GET"]}}],"collection":[{"href":"https:\/\/www.diarioimagen.net\/index.php?rest_route=\/wp\/v2\/posts"}],"about":[{"href":"https:\/\/www.diarioimagen.net\/index.php?rest_route=\/wp\/v2\/types\/post"}],"author":[{"embeddable":true,"href":"https:\/\/www.diarioimagen.net\/index.php?rest_route=\/wp\/v2\/users\/3"}],"replies":[{"embeddable":true,"href":"https:\/\/www.diarioimagen.net\/index.php?rest_route=%2Fwp%2Fv2%2Fcomments&post=616531"}],"version-history":[{"count":0,"href":"https:\/\/www.diarioimagen.net\/index.php?rest_route=\/wp\/v2\/posts\/616531\/revisions"}],"wp:featuredmedia":[{"embeddable":true,"href":"https:\/\/www.diarioimagen.net\/index.php?rest_route=\/wp\/v2\/media\/616609"}],"wp:attachment":[{"href":"https:\/\/www.diarioimagen.net\/index.php?rest_route=%2Fwp%2Fv2%2Fmedia&parent=616531"}],"wp:term":[{"taxonomy":"category","embeddable":true,"href":"https:\/\/www.diarioimagen.net\/index.php?rest_route=%2Fwp%2Fv2%2Fcategories&post=616531"},{"taxonomy":"post_tag","embeddable":true,"href":"https:\/\/www.diarioimagen.net\/index.php?rest_route=%2Fwp%2Fv2%2Ftags&post=616531"}],"curies":[{"name":"wp","href":"https:\/\/api.w.org\/{rel}","templated":true}]}}