{"id":616540,"date":"2024-04-17T00:05:12","date_gmt":"2024-04-17T06:05:12","guid":{"rendered":"https:\/\/www.diarioimagen.net\/?p=616540"},"modified":"2024-04-17T01:46:28","modified_gmt":"2024-04-17T07:46:28","slug":"aprobaron-en-comisiones-ley-de-movilidad-y-seguridad-vial","status":"publish","type":"post","link":"https:\/\/www.diarioimagen.net\/?p=616540","title":{"rendered":"Aprobaron en comisiones Ley de Movilidad y Seguridad Vial"},"content":{"rendered":"<p>&nbsp;<\/p>\n<ul>\n<li><em><strong>Congreso mexiquense<\/strong><\/em><\/li>\n<\/ul>\n<p>&nbsp;<\/p>\n<p><a href=\"https:\/\/www.diarioimagen.net\/?attachment_id=616644\" rel=\"attachment wp-att-616644\"><img loading=\"lazy\" decoding=\"async\" class=\"aligncenter size-full wp-image-616644\" src=\"https:\/\/www.diarioimagen.net\/wp-content\/uploads\/2024\/04\/aprobaron-en-comisiones.jpg\" alt=\"\" width=\"460\" height=\"270\" \/><\/a><\/p>\n<p>&nbsp;<\/p>\n<p>Por unanimidad, las Comisiones Unidas de Gobernaci\u00f3n y Puntos Constitucionales y de Comunicaciones y Transportes del Congreso mexiquense aprobaron la nueva Ley de Movilidad y Seguridad Vial del Estado de M\u00e9xico, resultado de m\u00e1s de a\u00f1o y medio de trabajo y la integraci\u00f3n de 10 iniciativas de todas las bancadas, la participaci\u00f3n de la ciudadan\u00eda, personas usuarias del transporte, transportistas y personas con discapacidad.<\/p>\n<p>Es una ley reforzada, una ley donde opinaron todas las fuerzas pol\u00edticas, que tiene sentido humano, civilidad social y lleva el coraz\u00f3n de las y los diputados, sostuvo el diputado Nazario Guti\u00e9rrez Mart\u00ednez, presidente de las Comisiones Unidas, despu\u00e9s de la aprobaci\u00f3n un\u00e1nime del proyecto.<\/p>\n<p>Durante la reuni\u00f3n de dictamen, las y los diputados destacaron entre los prop\u00f3sitos de esta la ley, que abrogar\u00e1 la actual Ley de Movilidad del Estado de M\u00e9xico, planear, regular, gestionar, ordenar, fomentar y garantizar la movilidad de las personas en el Estado de M\u00e9xico mediante el reconocimiento de la movilidad como un derecho humano del que goza toda persona, sin importar su condici\u00f3n, modo o medio de transporte.<\/p>\n<p>Este derecho humano implica la obligaci\u00f3n del gobierno estatal y de los municipios de realizar acciones que tiendan a procurar su debido ejercicio en condiciones de seguridad vial, accesibilidad, eficiencia, sostenibilidad, cavidad, inclusi\u00f3n e igualdad, y contribuir al desarrollo sustentable del estado.<\/p>\n<p>A las autoridades en materia de movilidad las obliga a observar exigibilidad, habitabilidad, inclusi\u00f3n, igualdad, jerarqu\u00eda de movilidad, legalidad, multimovilidad, participaci\u00f3n, progresividad, seguridad vehicular, seguridad vial, sostenibilidad, transparencia, rendici\u00f3n de cuentas y uso prioritario de la v\u00eda y del servicio.<\/p>\n<p>Al presentar el dictamen, la diputada Miriam Escalona Pi\u00f1a record\u00f3 el inicio de los trabajos en octubre de 2022 con la participaci\u00f3n de participaci\u00f3n del gobierno estatal; destac\u00f3 la realizaci\u00f3n de cinco foros de consulta p\u00fablica realizados en diversas regiones de la entidad, en los cuales la ciudadan\u00eda en general, organizaciones sociales, expertos en la materia, entre otros aportaron destacadas propuestas.<\/p>\n<p>Destac\u00f3 que la convocatoria para la consulta se difundi\u00f3 con suficiente tiempo de anticipaci\u00f3n en la p\u00e1gina oficial de la Legislatura, en sus diferentes redes sociales y a trav\u00e9s de las diferentes instituciones p\u00fablicas y privadas afines al tema.<\/p>\n<p>El nuevo ordenamiento, destac\u00f3, armoniza la normatividad estatal en la materia con la Ley General de Movilidad y Seguridad Vial y da cumplimiento a lo ordenado en el art\u00edculo segundo transitorio del decreto por el que se expidi\u00f3 la ley general.<\/p>\n<p>Durante sus participaciones, el diputado Nazario Guti\u00e9rrez reconoci\u00f3 la madurez y disposici\u00f3n pol\u00edtica de todos los grupos parlamentarios y sus coordinadores, as\u00ed como de las y los integrantes de estas comisiones, por su dedicaci\u00f3n y estrega a este proyecto.<\/p>\n<p>El diputado Max Agust\u00edn Correa Hern\u00e1ndez reconoci\u00f3 el trabajo realizado por las comisiones legislativas y la amplia participaci\u00f3n de las personas involucradas en los temas, entre estos grupos vulnerables, las personas con discapacidad; lo que da cuenta de que con voluntad y visi\u00f3n incluyente se puede trabajar en favor de la sociedad.<\/p>\n<p>Por su parte, la diputada Alicia Mercado Moreno agradeci\u00f3 que se tomaran en cuenta sus contribuciones para contar con una ley m\u00e1s inclusiva y respetuosa hacia las personas con discapacidad, en tanto que la diputada Miriam Escalona afirm\u00f3 que la mejor manera de agradecer a la poblaci\u00f3n mexiquense es entregarles resultados.<\/p>\n","protected":false},"excerpt":{"rendered":"<p>Por unanimidad, las Comisiones Unidas de Gobernaci\u00f3n y Puntos Constitucionales y de Comunicaciones y Transportes del Congreso mexiquense aprobaron la nueva Ley de Movilidad y Seguridad Vial del Estado de M\u00e9xico, resultado de m\u00e1s de a\u00f1o y medio de trabajo y la integraci\u00f3n de 10 iniciativas de todas las bancadas, la participaci\u00f3n de la ciudadan\u00eda, personas usuarias del transporte, transportistas y personas con discapacidad.<\/p>\n","protected":false},"author":3,"featured_media":616644,"comment_status":"open","ping_status":"open","sticky":false,"template":"","format":"standard","meta":{"_monsterinsights_skip_tracking":false,"_monsterinsights_sitenote_active":false,"_monsterinsights_sitenote_note":"","_monsterinsights_sitenote_category":0,"footnotes":""},"categories":[5],"tags":[406,99809,277],"class_list":["post-616540","post","type-post","status-publish","format-standard","has-post-thumbnail","hentry","category-estado-de-mexico","tag-congreso","tag-ley-de-movilidad-y-seguridad-vial","tag-mexiquense"],"_links":{"self":[{"href":"https:\/\/www.diarioimagen.net\/index.php?rest_route=\/wp\/v2\/posts\/616540","targetHints":{"allow":["GET"]}}],"collection":[{"href":"https:\/\/www.diarioimagen.net\/index.php?rest_route=\/wp\/v2\/posts"}],"about":[{"href":"https:\/\/www.diarioimagen.net\/index.php?rest_route=\/wp\/v2\/types\/post"}],"author":[{"embeddable":true,"href":"https:\/\/www.diarioimagen.net\/index.php?rest_route=\/wp\/v2\/users\/3"}],"replies":[{"embeddable":true,"href":"https:\/\/www.diarioimagen.net\/index.php?rest_route=%2Fwp%2Fv2%2Fcomments&post=616540"}],"version-history":[{"count":0,"href":"https:\/\/www.diarioimagen.net\/index.php?rest_route=\/wp\/v2\/posts\/616540\/revisions"}],"wp:featuredmedia":[{"embeddable":true,"href":"https:\/\/www.diarioimagen.net\/index.php?rest_route=\/wp\/v2\/media\/616644"}],"wp:attachment":[{"href":"https:\/\/www.diarioimagen.net\/index.php?rest_route=%2Fwp%2Fv2%2Fmedia&parent=616540"}],"wp:term":[{"taxonomy":"category","embeddable":true,"href":"https:\/\/www.diarioimagen.net\/index.php?rest_route=%2Fwp%2Fv2%2Fcategories&post=616540"},{"taxonomy":"post_tag","embeddable":true,"href":"https:\/\/www.diarioimagen.net\/index.php?rest_route=%2Fwp%2Fv2%2Ftags&post=616540"}],"curies":[{"name":"wp","href":"https:\/\/api.w.org\/{rel}","templated":true}]}}