{"id":616558,"date":"2024-04-17T00:01:13","date_gmt":"2024-04-17T06:01:13","guid":{"rendered":"https:\/\/www.diarioimagen.net\/?p=616558"},"modified":"2024-04-17T01:40:21","modified_gmt":"2024-04-17T07:40:21","slug":"guerrero-nos-mueve-avis-mexico-y-fundacion-bbva-mexico-apoyan-la-educacion-y-recuperacion-de-acapulco","status":"publish","type":"post","link":"https:\/\/www.diarioimagen.net\/?p=616558","title":{"rendered":"\u201cGuerrero Nos Mueve\u201d: Avis M\u00e9xico y Fundaci\u00f3n BBVA M\u00e9xico apoyan la educaci\u00f3n y recuperaci\u00f3n de Acapulco"},"content":{"rendered":"<h2>De cinco estrellas<\/h2>\n<h5>Victoria Gonz\u00e1lez Prado<\/h5>\n<p>&nbsp;<\/p>\n<ul>\n<li><strong><em>Mara Lezama Espinosa, lanza la campa\u00f1a \u2018Nueva Era del Caribe Mexicano\u2019 que propone a los viajeros nueva forma de conectarse<\/em><\/strong><\/li>\n<\/ul>\n<p><strong>\u00a0<\/strong><\/p>\n<div id=\"attachment_616630\" style=\"width: 470px\" class=\"wp-caption aligncenter\"><a href=\"https:\/\/www.diarioimagen.net\/?attachment_id=616630\" rel=\"attachment wp-att-616630\"><img loading=\"lazy\" decoding=\"async\" aria-describedby=\"caption-attachment-616630\" class=\"size-full wp-image-616630\" src=\"https:\/\/www.diarioimagen.net\/wp-content\/uploads\/2024\/04\/turismo-estrellas-6.jpg\" alt=\"\" width=\"460\" height=\"270\" \/><\/a><p id=\"caption-attachment-616630\" class=\"wp-caption-text\">Sof\u00eda Ize Ludlow y Eddy Breach.<\/p><\/div>\n<p>&nbsp;<\/p>\n<p><strong>Acapulco<\/strong>, <strong>Guerrero<\/strong>.\u2014 En el marco del Tianguis Tur\u00edstico en este puerto, en conferencia de prensa, directivos de Avis M\u00e9xico y la Fundaci\u00f3n BBVA M\u00e9xico dieron a conocer que en respuesta a los devastadores efectos del hurac\u00e1n \u201cOtis\u201d, ocurrido en octubre de 2023, unieron lazos para brindar apoyo inmediato a las comunidades afectadas, con el objetivo principal de brindar educaci\u00f3n a los ni\u00f1os y j\u00f3venes guerrerenses.<\/p>\n<p>Testigos del gran impacto causado, especialmente en Acapulco, uno de los destinos tur\u00edsticos m\u00e1s emblem\u00e1ticos del pa\u00eds, la arrendadora, fiel a su compromiso como Empresa Socialmente Responsable y a los valores sobre los cuales han construido la compa\u00f1\u00eda durante m\u00e1s de 60 a\u00f1os, se concientizaron y decidieron contribuir a la causa.<\/p>\n<p><strong>Eddy Breach<\/strong>, director de Marketing de Avis M\u00e9xico, indic\u00f3: \u201cFuimos la \u00fanica arrendadora de autos que gener\u00f3 acciones, tras el paso de \u2018Otis\u2019, para la recuperaci\u00f3n del estado. \u2018Guerrero Nos Mueve\u2019 fue un movimiento donde desde el 1 y hasta el 30 de noviembre de 2023, donamos el 5 por ciento del monto total de todas las rentas de auto generadas en nuestras m\u00e1s de 100 oficinas a nivel nacional; adem\u00e1s, nuestros colaboradores tambi\u00e9n aportaron e hicieron donaciones que se agregaron al capital total.<\/p>\n<p>\u201cPara canalizar estos fondos, decidimos acercarnos a la Fundaci\u00f3n BBVA, encabezada por <strong>Sof\u00eda Ize Ludlow<\/strong>, con quien ya hemos trabajado y sab\u00edamos que era el mejor camino para llegar a quienes m\u00e1s lo necesitan, y no s\u00f3lo contribuir a atender la emergencia, sino sobre todo, construir hacia el futuro e invertir donde m\u00e1s se necesita: la educaci\u00f3n\u201d, a\u00f1adi\u00f3 <strong>Breach<\/strong>.<\/p>\n<p>De acuerdo con datos compartidos por la Fundaci\u00f3n, gracias a todos los donativos de aliados, fundaciones, organizaciones y p\u00fablico en general, se ha logrado recaudar m\u00e1s de 114 millones de pesos, que se suman al capital semilla que destin\u00f3 la instituci\u00f3n financiera para impulsar la reconstrucci\u00f3n y el apoyo a la educaci\u00f3n en Guerrero.<\/p>\n<p><strong>Breach<\/strong>, agreg\u00f3: \u201cNos enorgullece poder decir que gracias a \u2018Guerrero Nos Mueve\u2019, Avis M\u00e9xico se convirti\u00f3 en uno de los aliados principales para la causa; y adem\u00e1s pudimos ser parte de la estrategia \u2018Juntos por la educaci\u00f3n en Guerrero\u2019, que tiene como objetivo minimizar la p\u00e9rdida de aprendizaje, impulsar el regreso a clases, y promover la continuidad escolar con el paso del tiempo\u201d.<\/p>\n<p>De acuerdo con <strong>Sof\u00eda Ize Ludlow<\/strong>, esta iniciativa no s\u00f3lo busca proporcionar recursos para la educaci\u00f3n, sino tambi\u00e9n involucrar a las comunidades educativas en su totalidad, incluyendo a supervisores, directores, docentes y estudiantes.<\/p>\n<p>\u201cSe han establecido esquemas de reconocimientos que incluyen becas econ\u00f3micas para estudiantes destacados y herramientas tecnol\u00f3gicas para fortalecer la labor pedag\u00f3gica\u201d, afirm\u00f3 <strong>Sof\u00eda Ize<\/strong> y agreg\u00f3, \u201cpara lograr este objetivo, nuestra Fundaci\u00f3n otorga acceso libre a la plataforma educativa \u2018Sup\u00e9rate con Fundaci\u00f3n BBVA\u2019 a estudiantes y docentes de secundaria y de preparatoria que hayan estado inscritos en una escuela p\u00fablica en cualquiera de los municipios afectados por el hurac\u00e1n \u2018Otis\u2019\u201d.<\/p>\n<p>La convocatoria plantea otorgar reconocimientos para las comunidades escolares que tengan mayor participaci\u00f3n en dicha plataforma, de acuerdo con lo siguiente:<\/p>\n<p>Hasta 4 mil 500 becas econ\u00f3micas para estudiantes en el ciclo escolar 2024-2025. Hasta 2 mil 500 equipos de c\u00f3mputo personal para docentes, directivos y supervisores, con el objetivo de fortalecer su labor pedag\u00f3gica, as\u00ed como equipamiento de aulas de c\u00f3mputo para las escuelas.<\/p>\n<p>Hasta 20 aulas de medios para fortalecer el equipamiento tecnol\u00f3gico de las escuelas con mayores niveles de participaci\u00f3n y mejores resultados.<\/p>\n<p>Se invita a los estudiantes, supervisores, directores y docentes a participar en la convocatoria de la plataforma en l\u00ednea \u201cSup\u00e9rate con Fundaci\u00f3n BBVA\u201d, la cual abri\u00f3 el pasado 11 de marzo y cerrar\u00e1 el 31 de mayo de 2024 en: <em>www.superateconfundacionbbva.mx\/guerrero<\/em><\/p>\n<p>\u201cSustentamos nuestro compromiso con el turismo y principalmente con las personas, nos llena de orgullo ser parte de esta noble causa y el trabajo conjunto con la Fundaci\u00f3n y el de todas las organizaciones, fundaciones y p\u00fablico que se uni\u00f3 y siguen apoyando. Estamos seguros de que podemos continuar marcando una diferencia centr\u00e1ndonos en la educaci\u00f3n de los ni\u00f1os y j\u00f3venes guerrerenses y as\u00ed forjar un camino lleno de oportunidades\u201d, coincidieron en se\u00f1alar.<\/p>\n<p>\u2730\u2730\u2730\u2730\u2730 <strong>Mara Lezama Espinosa, <\/strong>gobernadora de Quintana Roo acompa\u00f1ada por, <strong>Bernardo Cueto Riestra<\/strong>, titular de Turismo de la entidad y <strong>Andr\u00e9s Mart\u00ednez Reynoso<\/strong>, director del Consejo de Promoci\u00f3n Tur\u00edstica de Quintana Roo (CPTQ), en conferencia de prensa dieron a conocer la campa\u00f1a \u2018Nueva Era del Caribe Mexicano\u2019.<\/p>\n<p>En su oportunidad la gobernadora indic\u00f3 que Quintana Roo recibe m\u00e1s de 21 millones de visitantes nacionales e internacionales, a quienes ofrece escenarios naturales e incre\u00edbles en sus 12 destinos tur\u00edsticos para todos los segmentos.<\/p>\n<p>Con la reciente campa\u00f1a de promoci\u00f3n \u201cNueva Era del Caribe Mexicano\u201d, los 12 destinos de clase internacional de la entidad propone a los visitantes una nueva forma de conectarse con el turismo, cultura maya y lo m\u00e1s moderno del sector, contando tambi\u00e9n con la participaci\u00f3n directa de las comunidades del sur, donde se encuentra la historia, tradiciones, costumbres y el origen de Quintana Roo, expuso la mandataria estatal.<\/p>\n<p>El Caribe mexicano tiene extraordinaria conectividad a\u00e9rea con 134 ciudades globales mediante cuatro aeropuertos internacionales \u2014Canc\u00fan, Chetumal, Cozumel y Tulum\u2014 adem\u00e1s del Tren Maya, para captar tanto a turistas nacionales como extranjeros, apunt\u00f3.<\/p>\n<p>De igual forma explic\u00f3 que actualmente Quintana Roo est\u00e1 conectado internacionalmente con 42 ciudades de Estados Unidos, 20 de Canad\u00e1, 18 de Latinoam\u00e9rica y 24 rutas nacionales, a trav\u00e9s de <em>American Airlines, South West, Delta, Air Canada, Copa<\/em> y anunci\u00f3 que este verano se suman <em>Lufthansa<\/em> y la aerol\u00ednea regional <em>Aerus<\/em>, y \u201cseguimos creciendo con desarrollo sostenible y sustentable\u201d, indic\u00f3.<\/p>\n<p>\u201cLo quiero decir muy claro, con prosperidad, pero con prosperidad compartida, donde a trav\u00e9s de destinos tur\u00edsticos que tenemos, las y los protagonistas, sean tambi\u00e9n nuestras y nuestros ind\u00edgenas mayas, que conozcan la gastronom\u00eda extraordinaria, que por cierto ya hay la Gu\u00eda Michelin en Quintana Roo, lo que me da mucho gusto, era algo necesario\u201d, asegur\u00f3.<\/p>\n<p>\u201cEsto es acortar brecha de desigualdad y es justicia a la extraordinaria cocina que hay en Quintana Roo y que esas personas que son protagonistas hoy lo sean verdaderamente a trav\u00e9s de prosperidad compartida\u201d.<\/p>\n<p>La campa\u00f1a, detall\u00f3 la gobernadora, plantea a los millones de visitantes una nueva forma de conectar con Quintana Roo, en la que se combina la ancestral cultura maya con la modernidad de los grandes resorts, dando especial atenci\u00f3n a los destinos del sur del estado, donde la industria no est\u00e1 tan desarrollada todav\u00eda.<\/p>\n<p>Se\u00f1al\u00f3 que \u201cNueva Era Caribe Mexicano\u201d contar\u00e1 con espectaculares y pautas publicitarias en decenas de pa\u00edses, y para empezar ser\u00e1 traducida en seis idiomas.<\/p>\n<p>Asimismo, se dieron a conocer diez razones que colocan al estado de Quintana Roo como l\u00edder tur\u00edstico a nivel mundial: Accesibilidad Excepcional, con cuatro aeropuertos internacionales, que mueven m\u00e1s de 33 millones de pasajeros. Conectividad a\u00e9rea, 134 ciudades globales. Innovaci\u00f3n en Transporte, la inclusi\u00f3n de un tren en desarrollo conectar\u00e1 a\u00fan m\u00e1s la regi\u00f3n.<\/p>\n<p>Epicentro Cultural, ofrece una inmersi\u00f3n \u00fanica en las tradiciones mayas, mexicanas y caribe\u00f1as. Para\u00edso Diversificado y Articulado, 12 para\u00edsos \u00fanicos, con variedad de experiencias, paisajes y escenarios significativos. Amplia oferta hotelera, m\u00e1s de 130 mil habitaciones para todos los gustos. El Caribe mexicano atiende a todos los segmentos de viajeros, desde familias hasta aventureros.<\/p>\n<p>Constante renovaci\u00f3n, creando novedad, nuevos proyectos, escenarios y experiencias. Destino de cruceros <em>Premier,<\/em> al recibir m\u00e1s de mil 500 cruceros y 6 millones de cruceristas. Econom\u00eda impulsada por el turismo, con derrama econ\u00f3mica de 21 mil millones de USD e impresionante ocupaci\u00f3n promedio del 85 por ciento.<\/p>\n<p><strong>Mara Lezama<\/strong>, indic\u00f3 que el Caribe Mexicano tiene todo lo necesario para ser protagonista del turismo mundial. \u201cPor ello, a trav\u00e9s de un gran equipo, un gran sector, una gran estrategia le diremos al mundo que el Caribe mexicano es sin duda el mejor destino del mundo\u201d.<\/p>\n<p>&nbsp;<\/p>\n<blockquote>\n<p style=\"text-align: right;\">\u201c<strong>El<\/strong> <strong>\u00e1ngel de la fama tiene sus alas hechas de papel&#8230; peri\u00f3dico\u201d.<br \/>\n<\/strong><\/p>\n<\/blockquote>\n<p>&nbsp;<\/p>\n<p><em><span class=\"Apple-converted-space\"><a href=\"mailto:victoriagprado@gmail.com\" target=\"_blank\" rel=\"noopener noreferrer\">victoriagprado@gmail.com<\/a><br \/>\nX: <a href=\"https:\/\/twitter.com\/victoriagprado\" target=\"_blank\" rel=\"noopener noreferrer\">@victoriagprado<\/a><\/span><\/em><\/p>\n","protected":false},"excerpt":{"rendered":"<p>En el marco del Tianguis Tur\u00edstico en este puerto, en conferencia de prensa, directivos de Avis M\u00e9xico y la Fundaci\u00f3n BBVA M\u00e9xico dieron a conocer que en respuesta a los devastadores efectos del hurac\u00e1n \u201cOtis\u201d, ocurrido en octubre de 2023, unieron lazos para brindar apoyo inmediato a las comunidades afectadas, con el objetivo principal de brindar educaci\u00f3n a los ni\u00f1os y j\u00f3venes guerrerenses.<\/p>\n","protected":false},"author":3,"featured_media":616630,"comment_status":"open","ping_status":"open","sticky":false,"template":"","format":"standard","meta":{"_monsterinsights_skip_tracking":false,"_monsterinsights_sitenote_active":false,"_monsterinsights_sitenote_note":"","_monsterinsights_sitenote_category":0,"footnotes":""},"categories":[11],"tags":[107,43674,43681,106],"class_list":["post-616558","post","type-post","status-publish","format-standard","has-post-thumbnail","hentry","category-turismo","tag-de-cinco-estrellas","tag-opinion","tag-turismo","tag-victoria-gonzalez-prado"],"_links":{"self":[{"href":"https:\/\/www.diarioimagen.net\/index.php?rest_route=\/wp\/v2\/posts\/616558","targetHints":{"allow":["GET"]}}],"collection":[{"href":"https:\/\/www.diarioimagen.net\/index.php?rest_route=\/wp\/v2\/posts"}],"about":[{"href":"https:\/\/www.diarioimagen.net\/index.php?rest_route=\/wp\/v2\/types\/post"}],"author":[{"embeddable":true,"href":"https:\/\/www.diarioimagen.net\/index.php?rest_route=\/wp\/v2\/users\/3"}],"replies":[{"embeddable":true,"href":"https:\/\/www.diarioimagen.net\/index.php?rest_route=%2Fwp%2Fv2%2Fcomments&post=616558"}],"version-history":[{"count":0,"href":"https:\/\/www.diarioimagen.net\/index.php?rest_route=\/wp\/v2\/posts\/616558\/revisions"}],"wp:featuredmedia":[{"embeddable":true,"href":"https:\/\/www.diarioimagen.net\/index.php?rest_route=\/wp\/v2\/media\/616630"}],"wp:attachment":[{"href":"https:\/\/www.diarioimagen.net\/index.php?rest_route=%2Fwp%2Fv2%2Fmedia&parent=616558"}],"wp:term":[{"taxonomy":"category","embeddable":true,"href":"https:\/\/www.diarioimagen.net\/index.php?rest_route=%2Fwp%2Fv2%2Fcategories&post=616558"},{"taxonomy":"post_tag","embeddable":true,"href":"https:\/\/www.diarioimagen.net\/index.php?rest_route=%2Fwp%2Fv2%2Ftags&post=616558"}],"curies":[{"name":"wp","href":"https:\/\/api.w.org\/{rel}","templated":true}]}}