{"id":616687,"date":"2024-04-18T00:08:52","date_gmt":"2024-04-18T06:08:52","guid":{"rendered":"https:\/\/www.diarioimagen.net\/?p=616687"},"modified":"2024-04-19T02:47:28","modified_gmt":"2024-04-19T08:47:28","slug":"impulsa-uaemex-investigacion-sobre-arte-diseno-y-cultura","status":"publish","type":"post","link":"https:\/\/www.diarioimagen.net\/?p=616687","title":{"rendered":"Impulsa UAEM\u00e9x investigaci\u00f3n sobre arte, dise\u00f1o y cultura"},"content":{"rendered":"<p>&nbsp;<\/p>\n<div id=\"attachment_616765\" style=\"width: 470px\" class=\"wp-caption aligncenter\"><a href=\"https:\/\/www.diarioimagen.net\/?attachment_id=616765\" rel=\"attachment wp-att-616765\"><img loading=\"lazy\" decoding=\"async\" aria-describedby=\"caption-attachment-616765\" class=\"size-full wp-image-616765\" src=\"https:\/\/www.diarioimagen.net\/wp-content\/uploads\/2024\/04\/impulsa-uaem-investigacion.jpg\" alt=\"\" width=\"460\" height=\"270\" \/><\/a><p id=\"caption-attachment-616765\" class=\"wp-caption-text\">A trav\u00e9s del \u201cSeminario Internacional de Investigaci\u00f3n Creaci\u00f3n. Arte, Dise\u00f1o y Cultura\u201d se busca generar el di\u00e1logo sobre los procesos creativos.<\/p><\/div>\n<p>&nbsp;<\/p>\n<p><strong>Toluca,\u00a0 Estado de M\u00e9xico.<\/strong>\u2014 Con el objetivo de impulsar la generaci\u00f3n de conocimientos relacionados con la producci\u00f3n art\u00edstica, el dise\u00f1o y la cultura se inaugur\u00f3 el \u201cSeminario Internacional de Investigaci\u00f3n Creaci\u00f3n. Arte, Dise\u00f1o y Cultura\u201d en la Escuela de Artes Esc\u00e9nicas de la Universidad Aut\u00f3noma del Estado de M\u00e9xico (UAEM\u00e9x).<\/p>\n<p>En representaci\u00f3n de la secretaria de Difusi\u00f3n Cultural, Mar\u00eda de las Mercedes Portilla Luja, la titular de la Direcci\u00f3n de Innovaci\u00f3n Cultural, Claudia Adriana Rodr\u00edguez Guadarrama, se\u00f1al\u00f3 que este ejercicio acad\u00e9mico toma como eje metodol\u00f3gico la investigaci\u00f3n y la creaci\u00f3n, que permitir\u00e1n generar el di\u00e1logo sobre los procesos creativos.<\/p>\n<p>Ante el alumnado, personal docente y administrativo explic\u00f3 que el seminario organizado en conjunto por las secretar\u00edas de Investigaci\u00f3n y Estudios Avanzados y Difusi\u00f3n\u00a0 Cultural tiene como finalidad desarrollar e impulsar trabajos que den cuenta del proceso investigativo, el dise\u00f1o y la producci\u00f3n art\u00edstica, a trav\u00e9s del contacto interdisciplinario entre las a facultades de Arquitectura y Dise\u00f1o, Artes y Humanidades, as\u00ed como la Escuela de Artes Esc\u00e9nicas de la UAEM\u00e9x.<\/p>\n<p>Pablo Parga Parga, investigador y profesor de tiempo completo de la Universidad Aut\u00f3noma de Quer\u00e9taro, fue el encargado de llevar a cabo la conferencia \u201cInvesticreaci\u00f3n\u201d, en la que invit\u00f3 a la comunidad universitaria a interesarse en los m\u00e9todos de investigaci\u00f3n documental, con el prop\u00f3sito de brindar a sus proyectos un mayor sustento acad\u00e9mico y respaldo profesional que derivar\u00e1 en la creaci\u00f3n de nuevas formas de expresiones art\u00edsticas y culturales.<\/p>\n<p>En una primera fase, el \u201cSeminario Internacional de Investigaci\u00f3n Creaci\u00f3n. Arte, Dise\u00f1o y Cultura\u201d estar\u00e1 compuesto por mesas redondas y paneles, talleres pr\u00e1cticos, laboratorios y exhibiciones art\u00edsticas. Cabe destacar que estas actividades est\u00e1n dirigidas a la comunidad universitaria, as\u00ed como a la poblaci\u00f3n en general interesada en la investigaci\u00f3n y los procesos de creaci\u00f3n relacionados con las actividades art\u00edsticas, el dise\u00f1o y la cultura en los \u00f3rdenes estatal, nacional e internacional.<\/p>\n","protected":false},"excerpt":{"rendered":"<p>Con el objetivo de impulsar la generaci\u00f3n de conocimientos relacionados con la producci\u00f3n art\u00edstica, el dise\u00f1o y la cultura se inaugur\u00f3 el \u201cSeminario Internacional de Investigaci\u00f3n Creaci\u00f3n. Arte, Dise\u00f1o y Cultura\u201d en la Escuela de Artes Esc\u00e9nicas de la Universidad Aut\u00f3noma del Estado de M\u00e9xico (UAEM\u00e9x).<\/p>\n","protected":false},"author":3,"featured_media":616765,"comment_status":"open","ping_status":"open","sticky":false,"template":"","format":"standard","meta":{"_monsterinsights_skip_tracking":false,"_monsterinsights_sitenote_active":false,"_monsterinsights_sitenote_note":"","_monsterinsights_sitenote_category":0,"footnotes":""},"categories":[5],"tags":[43685,48032,67878],"class_list":["post-616687","post","type-post","status-publish","format-standard","has-post-thumbnail","hentry","category-estado-de-mexico","tag-cultura","tag-diseno","tag-uaemex"],"_links":{"self":[{"href":"https:\/\/www.diarioimagen.net\/index.php?rest_route=\/wp\/v2\/posts\/616687","targetHints":{"allow":["GET"]}}],"collection":[{"href":"https:\/\/www.diarioimagen.net\/index.php?rest_route=\/wp\/v2\/posts"}],"about":[{"href":"https:\/\/www.diarioimagen.net\/index.php?rest_route=\/wp\/v2\/types\/post"}],"author":[{"embeddable":true,"href":"https:\/\/www.diarioimagen.net\/index.php?rest_route=\/wp\/v2\/users\/3"}],"replies":[{"embeddable":true,"href":"https:\/\/www.diarioimagen.net\/index.php?rest_route=%2Fwp%2Fv2%2Fcomments&post=616687"}],"version-history":[{"count":0,"href":"https:\/\/www.diarioimagen.net\/index.php?rest_route=\/wp\/v2\/posts\/616687\/revisions"}],"wp:featuredmedia":[{"embeddable":true,"href":"https:\/\/www.diarioimagen.net\/index.php?rest_route=\/wp\/v2\/media\/616765"}],"wp:attachment":[{"href":"https:\/\/www.diarioimagen.net\/index.php?rest_route=%2Fwp%2Fv2%2Fmedia&parent=616687"}],"wp:term":[{"taxonomy":"category","embeddable":true,"href":"https:\/\/www.diarioimagen.net\/index.php?rest_route=%2Fwp%2Fv2%2Fcategories&post=616687"},{"taxonomy":"post_tag","embeddable":true,"href":"https:\/\/www.diarioimagen.net\/index.php?rest_route=%2Fwp%2Fv2%2Ftags&post=616687"}],"curies":[{"name":"wp","href":"https:\/\/api.w.org\/{rel}","templated":true}]}}