{"id":616693,"date":"2024-04-18T00:02:33","date_gmt":"2024-04-18T06:02:33","guid":{"rendered":"https:\/\/www.diarioimagen.net\/?p=616693"},"modified":"2024-04-18T01:50:27","modified_gmt":"2024-04-18T07:50:27","slug":"el-pri-en-naucalpan-esta-listo-para-enfrentar-a-morena-carlos-valdes-corona","status":"publish","type":"post","link":"https:\/\/www.diarioimagen.net\/?p=616693","title":{"rendered":"El PRI en Naucalpan est\u00e1 listo para enfrentar a Morena: Carlos Vald\u00e9s Corona"},"content":{"rendered":"<p>&nbsp;<\/p>\n<ul>\n<li><em><strong>\u201cTiene las mejores propuestas\u201d<\/strong><\/em><\/li>\n<\/ul>\n<p>&nbsp;<\/p>\n<div id=\"attachment_616791\" style=\"width: 470px\" class=\"wp-caption aligncenter\"><a href=\"https:\/\/www.diarioimagen.net\/?attachment_id=616791\" rel=\"attachment wp-att-616791\"><img loading=\"lazy\" decoding=\"async\" aria-describedby=\"caption-attachment-616791\" class=\"size-full wp-image-616791\" src=\"https:\/\/www.diarioimagen.net\/wp-content\/uploads\/2024\/04\/pri-en-naucalpan.jpg\" alt=\"\" width=\"460\" height=\"270\" \/><\/a><p id=\"caption-attachment-616791\" class=\"wp-caption-text\">Carlos Vald\u00e9s Corona, presidente del PRI en Naucalpan, destac\u00f3 que el PRI est\u00e1 listo para competir.<\/p><\/div>\n<p>&nbsp;<\/p>\n<p><strong>Naucalpan, Estado de M\u00e9xico.\u2014<\/strong> El Revolucionario Institucional est\u00e1 preparado y listo para enfrentar la batalla electoral el pr\u00f3ximo 2 de junio, en donde sin duda alguna, saldremos victoriosos, pues se presentar\u00e1n las mejores propuestas y no con enga\u00f1os ni mentiras como lo hacen otros partidos pol\u00edticos.<\/p>\n<p>As\u00ed lo afirm\u00f3, en entrevista, Carlos Vald\u00e9s Corona, presidente del Comit\u00e9 Municipal del PRI en esta localidad, al destacar que \u201cel PRI est\u00e1 listo y con la m\u00e1quina aceitada para competir junto con nuestros aliados para ganar la mayor\u00eda de los cargos de elecci\u00f3n popular\u201d, dijo.<\/p>\n<p>Vald\u00e9s Coron puntualiz\u00f3 que el partido y sus aliados de ninguna manera estamos confiados. \u201cVamos a ganar eso s\u00ed, pues tenemos las mejores propuestas y recordarles que el pueblo no olvida lo que Morena hizo a las familias naucalpenses\u201d, reiter\u00f3.<\/p>\n<p>Asimismo, el presidente del PRI de Naucalpan expres\u00f3, eso s\u00ed, su confianza en la capacidad del partido para representar los intereses de la ciudadan\u00eda y promover pol\u00edticas que impulsen el desarrollo de los habitantes de ese municipio. \u201cVamos (junto con candidatos) a lograr triunfos inobjetables con buenas propuestas y no con falsedades como lo hacen los de enfrente\u201d, concluy\u00f3.<\/p>\n","protected":false},"excerpt":{"rendered":"<p>El Revolucionario Institucional est\u00e1 preparado y listo para enfrentar la batalla electoral el pr\u00f3ximo 2 de junio, en donde sin duda alguna, saldremos victoriosos, pues se presentar\u00e1n las mejores propuestas y no con enga\u00f1os ni mentiras como lo hacen otros partidos pol\u00edticos.<\/p>\n","protected":false},"author":3,"featured_media":616791,"comment_status":"open","ping_status":"open","sticky":false,"template":"","format":"standard","meta":{"_monsterinsights_skip_tracking":false,"_monsterinsights_sitenote_active":false,"_monsterinsights_sitenote_note":"","_monsterinsights_sitenote_category":0,"footnotes":""},"categories":[5],"tags":[43675,970],"class_list":["post-616693","post","type-post","status-publish","format-standard","has-post-thumbnail","hentry","category-estado-de-mexico","tag-estado-de-mexico","tag-naucalpan"],"_links":{"self":[{"href":"https:\/\/www.diarioimagen.net\/index.php?rest_route=\/wp\/v2\/posts\/616693","targetHints":{"allow":["GET"]}}],"collection":[{"href":"https:\/\/www.diarioimagen.net\/index.php?rest_route=\/wp\/v2\/posts"}],"about":[{"href":"https:\/\/www.diarioimagen.net\/index.php?rest_route=\/wp\/v2\/types\/post"}],"author":[{"embeddable":true,"href":"https:\/\/www.diarioimagen.net\/index.php?rest_route=\/wp\/v2\/users\/3"}],"replies":[{"embeddable":true,"href":"https:\/\/www.diarioimagen.net\/index.php?rest_route=%2Fwp%2Fv2%2Fcomments&post=616693"}],"version-history":[{"count":0,"href":"https:\/\/www.diarioimagen.net\/index.php?rest_route=\/wp\/v2\/posts\/616693\/revisions"}],"wp:featuredmedia":[{"embeddable":true,"href":"https:\/\/www.diarioimagen.net\/index.php?rest_route=\/wp\/v2\/media\/616791"}],"wp:attachment":[{"href":"https:\/\/www.diarioimagen.net\/index.php?rest_route=%2Fwp%2Fv2%2Fmedia&parent=616693"}],"wp:term":[{"taxonomy":"category","embeddable":true,"href":"https:\/\/www.diarioimagen.net\/index.php?rest_route=%2Fwp%2Fv2%2Fcategories&post=616693"},{"taxonomy":"post_tag","embeddable":true,"href":"https:\/\/www.diarioimagen.net\/index.php?rest_route=%2Fwp%2Fv2%2Ftags&post=616693"}],"curies":[{"name":"wp","href":"https:\/\/api.w.org\/{rel}","templated":true}]}}