{"id":616695,"date":"2024-04-18T00:04:41","date_gmt":"2024-04-18T06:04:41","guid":{"rendered":"https:\/\/www.diarioimagen.net\/?p=616695"},"modified":"2024-04-18T01:51:13","modified_gmt":"2024-04-18T07:51:13","slug":"ya-no-mas-levantadedos-en-el-congreso-afirma-gildardo-perez-gabino","status":"publish","type":"post","link":"https:\/\/www.diarioimagen.net\/?p=616695","title":{"rendered":"Ya no m\u00e1s \u201clevantadedos\u201d en el Congreso, afirma Gildardo P\u00e9rez Gabino"},"content":{"rendered":"<p>&nbsp;<\/p>\n<ul>\n<li><em><strong>Candidato de MC a diputado federal por el Distrito 6<\/strong><\/em><\/li>\n<\/ul>\n<p>&nbsp;<\/p>\n<div id=\"attachment_616793\" style=\"width: 470px\" class=\"wp-caption aligncenter\"><a href=\"https:\/\/www.diarioimagen.net\/?attachment_id=616793\" rel=\"attachment wp-att-616793\"><img loading=\"lazy\" decoding=\"async\" aria-describedby=\"caption-attachment-616793\" class=\"size-full wp-image-616793\" src=\"https:\/\/www.diarioimagen.net\/wp-content\/uploads\/2024\/04\/no-mas-levantadedos.jpg\" alt=\"\" width=\"460\" height=\"270\" \/><\/a><p id=\"caption-attachment-616793\" class=\"wp-caption-text\">Gildardo P\u00e9rez Gabino, candidato de MC a diputado federal por el Distrito 6.<\/p><\/div>\n<p>&nbsp;<\/p>\n<p><strong>Valle de M\u00e9xico.\u2014<\/strong>\u00a0 La ciudadan\u00eda no s\u00f3lo del Estado de M\u00e9xico, sino del pa\u00eds, hoy s\u00ed tendr\u00e1 una representaci\u00f3n real en el Congreso de la Uni\u00f3n. Ya no m\u00e1s \u201clevantadedos\u201d, vamos a presentar Leyes que en verdad sean ben\u00e9ficas para el pueblo de M\u00e9xico.<\/p>\n<p>Afirm\u00f3 lo anterior, Gildardo P\u00e9rez Gabino, candidato del partido Movimiento Ciudadano (MC) a diputado federal por el Distrito 6 de los municipios de Coacalco y Tultitl\u00e1n, quien se comprometi\u00f3 hacer una campa\u00f1a diferente.<\/p>\n<p>\u201cLas y los mexiquenses ya est\u00e1n cansados de actores pol\u00edticos que s\u00f3lo hacen promesas falsas y nunca regresan a cumplirle a la ciudadan\u00eda. Eso se acab\u00f3, vamos a cambiar la forma de hacer pol\u00edtica\u201d, dijo. El aspirante a una curul en la C\u00e1mara de Diputados destac\u00f3 que \u201c desde Movimiento Ciudadano, buscaremos que haya iniciativas de Ley que verdaderamente ayuden a sacar adelante a este pa\u00eds, por eso con el apoyo de los electores del distrito 6, seguiremos trabajando para todos\u201d.<\/p>\n<p>Por otra parte, Gildardo P\u00e9rez reconoci\u00f3 que, \u201cefectivamente, hay legisladores que no han hecho nada para sacar adelante a M\u00e9xico, pero eso se acab\u00f3. Vamos por el camino correcto con el apoyo ciudadano\u201d, reiter\u00f3.<\/p>\n<p>Finalmente, remarc\u00f3 que, \u201cestamos haciendo una campa\u00f1a diferente, escuchando a los ciudadanos, estando en contacto directo para poder llevar a la Tribuna sus demandas y necesidades\u201d, concluy\u00f3.<\/p>\n","protected":false},"excerpt":{"rendered":"<p>La ciudadan\u00eda no s\u00f3lo del Estado de M\u00e9xico, sino del pa\u00eds, hoy s\u00ed tendr\u00e1 una representaci\u00f3n real en el Congreso de la Uni\u00f3n. Ya no m\u00e1s \u201clevantadedos\u201d, vamos a presentar Leyes que en verdad sean ben\u00e9ficas para el pueblo de M\u00e9xico.<\/p>\n","protected":false},"author":3,"featured_media":616793,"comment_status":"open","ping_status":"open","sticky":false,"template":"","format":"standard","meta":{"_monsterinsights_skip_tracking":false,"_monsterinsights_sitenote_active":false,"_monsterinsights_sitenote_note":"","_monsterinsights_sitenote_category":0,"footnotes":""},"categories":[5],"tags":[99813,21564,34],"class_list":["post-616695","post","type-post","status-publish","format-standard","has-post-thumbnail","hentry","category-estado-de-mexico","tag-gildardo-perez-gabino","tag-mc","tag-valle-de-mexico"],"_links":{"self":[{"href":"https:\/\/www.diarioimagen.net\/index.php?rest_route=\/wp\/v2\/posts\/616695","targetHints":{"allow":["GET"]}}],"collection":[{"href":"https:\/\/www.diarioimagen.net\/index.php?rest_route=\/wp\/v2\/posts"}],"about":[{"href":"https:\/\/www.diarioimagen.net\/index.php?rest_route=\/wp\/v2\/types\/post"}],"author":[{"embeddable":true,"href":"https:\/\/www.diarioimagen.net\/index.php?rest_route=\/wp\/v2\/users\/3"}],"replies":[{"embeddable":true,"href":"https:\/\/www.diarioimagen.net\/index.php?rest_route=%2Fwp%2Fv2%2Fcomments&post=616695"}],"version-history":[{"count":0,"href":"https:\/\/www.diarioimagen.net\/index.php?rest_route=\/wp\/v2\/posts\/616695\/revisions"}],"wp:featuredmedia":[{"embeddable":true,"href":"https:\/\/www.diarioimagen.net\/index.php?rest_route=\/wp\/v2\/media\/616793"}],"wp:attachment":[{"href":"https:\/\/www.diarioimagen.net\/index.php?rest_route=%2Fwp%2Fv2%2Fmedia&parent=616695"}],"wp:term":[{"taxonomy":"category","embeddable":true,"href":"https:\/\/www.diarioimagen.net\/index.php?rest_route=%2Fwp%2Fv2%2Fcategories&post=616695"},{"taxonomy":"post_tag","embeddable":true,"href":"https:\/\/www.diarioimagen.net\/index.php?rest_route=%2Fwp%2Fv2%2Ftags&post=616695"}],"curies":[{"name":"wp","href":"https:\/\/api.w.org\/{rel}","templated":true}]}}