{"id":616830,"date":"2024-04-19T00:09:52","date_gmt":"2024-04-19T06:09:52","guid":{"rendered":"https:\/\/www.diarioimagen.net\/?p=616830"},"modified":"2024-04-22T00:42:43","modified_gmt":"2024-04-22T06:42:43","slug":"uap-acolman-de-la-uaemex-vincula-a-sus-estudiantes-con-sectores-de-la-sociedad","status":"publish","type":"post","link":"https:\/\/www.diarioimagen.net\/?p=616830","title":{"rendered":"UAP Acolman de la UAEM\u00e9x vincula a sus estudiantes con sectores de la sociedad"},"content":{"rendered":"<p>&nbsp;<\/p>\n<div id=\"attachment_616917\" style=\"width: 470px\" class=\"wp-caption aligncenter\"><a href=\"https:\/\/www.diarioimagen.net\/?attachment_id=616917\" rel=\"attachment wp-att-616917\"><img loading=\"lazy\" decoding=\"async\" aria-describedby=\"caption-attachment-616917\" class=\"size-full wp-image-616917\" src=\"https:\/\/www.diarioimagen.net\/wp-content\/uploads\/2024\/04\/uaem-uap-acolman.jpg\" alt=\"\" width=\"460\" height=\"270\" \/><\/a><p id=\"caption-attachment-616917\" class=\"wp-caption-text\">La Unidad Acad\u00e9mica Profesional Acolman cuenta con ocho convenios de colaboraci\u00f3n signados con instancias de los sectores p\u00fablico, privado y social.<\/p><\/div>\n<p>&nbsp;<\/p>\n<p><strong>Acolman, Estado de M\u00e9xico.<\/strong>\u2014 La Unidad Acad\u00e9mica Profesional Acolman pone especial \u00e9nfasis en vincular a los estudiantes de las cuatro licenciaturas que ofrece con el quehacer cotidiano de los sectores p\u00fablico, privado y social, afirm\u00f3 Nancy Edith Garc\u00eda Badillo, jefa del Departamento de Extensi\u00f3n y Vinculaci\u00f3n de este campus de la Universidad Aut\u00f3noma del Estado de M\u00e9xico (UAEM\u00e9x).<\/p>\n<p>La universitaria inform\u00f3 que este campus de la Aut\u00f3noma mexiquense cuenta con ocho convenios de colaboraci\u00f3n signados con instancias de los sectores p\u00fablico, privado y social.<\/p>\n<p>Estos instrumentos de colaboraci\u00f3n, abund\u00f3, permiten a los estudiantes de las licenciaturas en Nutrici\u00f3n, Mercadotecnia, Ingenier\u00eda en Producci\u00f3n Industrial e Ingenier\u00eda Qu\u00edmica liberar su servicio social y pr\u00e1cticas profesionales, pero, sobre todo, enfrentarse a la realidad del mercado laboral y tener mayores oportunidades para incorporarse a \u00e9l.<\/p>\n<p>Por ello, explic\u00f3, una condici\u00f3n establecida en los convenios de colaboraci\u00f3n que firmamos es que los estudiantes sean asignados a desempe\u00f1ar actividades 100 por ciento relacionadas con su perfil profesional y que abonen a su formaci\u00f3n.<\/p>\n<p>Entonces, refiri\u00f3, los resultados han sido sumamente satisfactorios y todos los convenios han sumado a favor de la formaci\u00f3n de los estudiantes de las cuatro licenciaturas.<\/p>\n<p>Nancy Edith Garc\u00eda Badillo se\u00f1al\u00f3 que, en la actualidad, la Unidad Acad\u00e9mica Profesional Acolman mantiene una estrecha relaci\u00f3n de colaboraci\u00f3n con diversas empresas donde alumnos de Ingenier\u00eda Qu\u00edmica e Ingenier\u00eda en Producci\u00f3n Industrial realizan sus pr\u00e1cticas profesionales.<\/p>\n<p>Asimismo, indic\u00f3, estudiantes de la Licenciatura en Nutrici\u00f3n hacen lo propio acudiendo a comunidades a brindar atenci\u00f3n nutricional.<\/p>\n<p>Adem\u00e1s, dijo, recientemente se firm\u00f3 un convenio de colaboraci\u00f3n en beneficio de los estudiantes de Mercadotecnia; en tanto, para los de Ingenier\u00eda en Producci\u00f3n Industrial tenemos relaci\u00f3n con empresas cercanas a nuestra comunidad.<\/p>\n<p>Nancy Edith Garc\u00eda Badillo resalt\u00f3 el convenio que est\u00e1 por firmarse con una organizaci\u00f3n de investigaci\u00f3n cient\u00edfica en el sector agr\u00edcola, especializada en el desarrollo de variedades mejoradas de ma\u00edz y de trigo, donde podr\u00e1n incursionar estudiantes de Nutrici\u00f3n, Ingenier\u00eda en Producci\u00f3n Industrial e Ingenier\u00eda Qu\u00edmica.<\/p>\n","protected":false},"excerpt":{"rendered":"<p>La Unidad Acad\u00e9mica Profesional Acolman pone especial \u00e9nfasis en vincular a los estudiantes de las cuatro licenciaturas que ofrece con el quehacer cotidiano de los sectores p\u00fablico, privado y social, afirm\u00f3 Nancy Edith Garc\u00eda Badillo, jefa del Departamento de Extensi\u00f3n y Vinculaci\u00f3n de este campus de la Universidad Aut\u00f3noma del Estado de M\u00e9xico (UAEM\u00e9x).<\/p>\n","protected":false},"author":3,"featured_media":616917,"comment_status":"open","ping_status":"open","sticky":false,"template":"","format":"standard","meta":{"_monsterinsights_skip_tracking":false,"_monsterinsights_sitenote_active":false,"_monsterinsights_sitenote_note":"","_monsterinsights_sitenote_category":0,"footnotes":""},"categories":[5],"tags":[2014,4302,67878,98404],"class_list":["post-616830","post","type-post","status-publish","format-standard","has-post-thumbnail","hentry","category-estado-de-mexico","tag-estudiantes","tag-sociedad","tag-uaemex","tag-uap"],"_links":{"self":[{"href":"https:\/\/www.diarioimagen.net\/index.php?rest_route=\/wp\/v2\/posts\/616830","targetHints":{"allow":["GET"]}}],"collection":[{"href":"https:\/\/www.diarioimagen.net\/index.php?rest_route=\/wp\/v2\/posts"}],"about":[{"href":"https:\/\/www.diarioimagen.net\/index.php?rest_route=\/wp\/v2\/types\/post"}],"author":[{"embeddable":true,"href":"https:\/\/www.diarioimagen.net\/index.php?rest_route=\/wp\/v2\/users\/3"}],"replies":[{"embeddable":true,"href":"https:\/\/www.diarioimagen.net\/index.php?rest_route=%2Fwp%2Fv2%2Fcomments&post=616830"}],"version-history":[{"count":0,"href":"https:\/\/www.diarioimagen.net\/index.php?rest_route=\/wp\/v2\/posts\/616830\/revisions"}],"wp:featuredmedia":[{"embeddable":true,"href":"https:\/\/www.diarioimagen.net\/index.php?rest_route=\/wp\/v2\/media\/616917"}],"wp:attachment":[{"href":"https:\/\/www.diarioimagen.net\/index.php?rest_route=%2Fwp%2Fv2%2Fmedia&parent=616830"}],"wp:term":[{"taxonomy":"category","embeddable":true,"href":"https:\/\/www.diarioimagen.net\/index.php?rest_route=%2Fwp%2Fv2%2Fcategories&post=616830"},{"taxonomy":"post_tag","embeddable":true,"href":"https:\/\/www.diarioimagen.net\/index.php?rest_route=%2Fwp%2Fv2%2Ftags&post=616830"}],"curies":[{"name":"wp","href":"https:\/\/api.w.org\/{rel}","templated":true}]}}