{"id":616840,"date":"2024-04-19T00:01:48","date_gmt":"2024-04-19T06:01:48","guid":{"rendered":"https:\/\/www.diarioimagen.net\/?p=616840"},"modified":"2024-04-22T22:53:18","modified_gmt":"2024-04-23T04:53:18","slug":"investigacion-contra-el-ex-ministro-zaldivar-caso-eminentemente-politico-dice-lopez-obrador","status":"publish","type":"post","link":"https:\/\/www.diarioimagen.net\/?p=616840","title":{"rendered":"Investigaci\u00f3n contra el ex ministro Zald\u00edvar, caso \u201ceminentemente pol\u00edtico\u201d, dice L\u00f3pez Obrador"},"content":{"rendered":"<p><strong>\u00a0<\/strong><\/p>\n<h2 style=\"text-align: center;\">Le reitera su apoyo, pese a investigaci\u00f3n de la SCJN<\/h2>\n<p><em>\u00a0<\/em><\/p>\n<ul>\n<li><strong><em>Descarta salida de Alp\u00edzar Salazar, en Segob<\/em><\/strong><\/li>\n<\/ul>\n<p>&nbsp;<\/p>\n<div id=\"attachment_616942\" style=\"width: 470px\" class=\"wp-caption aligncenter\"><a href=\"https:\/\/www.diarioimagen.net\/?attachment_id=616942\" rel=\"attachment wp-att-616942\"><img loading=\"lazy\" decoding=\"async\" aria-describedby=\"caption-attachment-616942\" class=\"size-full wp-image-616942\" src=\"https:\/\/www.diarioimagen.net\/wp-content\/uploads\/2024\/04\/amlo-4.jpg\" alt=\"\" width=\"460\" height=\"270\" \/><\/a><p id=\"caption-attachment-616942\" class=\"wp-caption-text\">Andr\u00e9s Manuel L\u00f3pez Obrador se\u00f1al\u00f3 que la investigaci\u00f3n contra el ministro en retiro Arturo Zald\u00edvar por parte de la Suprema Corte de Justicia de la Naci\u00f3n \u201ces un asunto eminentemente pol\u00edtico\u201d.<\/p><\/div>\n<p>&nbsp;<\/p>\n<p>El presidente Andr\u00e9s Manuel L\u00f3pez Obrador se\u00f1al\u00f3 este jueves en su ma\u00f1anera que la investigaci\u00f3n contra el ministro en retiro Arturo Zald\u00edvar por parte de la Suprema Corte de Justicia de la Naci\u00f3n (SCJN) \u201ces un asunto eminentemente pol\u00edtico por las circunstancias electorales\u201d.<\/p>\n<p>Al reiterar su apoyo a Zald\u00edvar, el primer mandatario dijo que no se mete en lo tocante al anuncio hecho por el ex ministro de que promover\u00e1 un juicio pol\u00edtico en contra de la ministra presidenta de la SCJN, Norma Pi\u00f1a.<\/p>\n<p>A\u00f1adi\u00f3 sobre este tema que Carlos Antonio Alp\u00edzar Salazar, ex secretario general de la Presidencia del Consejo de la Judicatura Federal, quien est\u00e1 se\u00f1alado en la denuncia an\u00f3nima contra Zald\u00edvar que es investigada por el Poder Judicial, se mantendr\u00e1 en el cargo que actualmente ocupa en la Secretar\u00eda de Gobernaci\u00f3n durante el curso de las investigaciones ordenadas por Norma Pi\u00f1a.<\/p>\n<p>\u201cS\u00ed, pues s\u00ed, porque si no se tendr\u00eda que retirar la se\u00f1ora Pi\u00f1a en tanto que est\u00e9 en curso la investigaci\u00f3n, porque ella est\u00e1 implicada, y todos los dem\u00e1s\u201d, asever\u00f3 el tabasque\u00f1o.<\/p>\n<p>Ante la pregunta que si reiteraba su apoyo al ex ministro Arturo Zald\u00edvar, el mandatario respondi\u00f3 que s\u00ed. Pero sobre si apoyaba el el juicio pol\u00edtico contra la presidenta de la SCJN, Norma Pi\u00f1a, dijo que eso es otra cosa, un asunto entre abogados.<\/p>\n<p>\u201cLa presidenta del Poder Judicial tiene muchas cosas que decir, y el ex ministro Zald\u00edvar\u201d, dijo, y reiter\u00f3 su postura de que \u201cel Poder Judicial est\u00e1 echado a perder, con much\u00edsima corrupci\u00f3n\u201d, por lo que dijo que se requieren cambios, como el que los jueces, magistrados y ministros sean electos por la ciudadan\u00eda<\/p>\n<p>Asegur\u00f3 que la investigaci\u00f3n contra Zald\u00edvar se inscribe en un contexto pol\u00edtico y electoral en el que est\u00e1n confrontados dos proyectos de naci\u00f3n.<\/p>\n<p>\u201cEs tambi\u00e9n muy claro que son dos posturas, porque hay dos proyectos distintos y contrapuestos de naci\u00f3n, eso no es ninguna novedad, nosotros estamos en contra del modelo neoliberal o neoporfirista, en contra de la corrupci\u00f3n, del clasismo, del racismo, de que se haya convertido durante el periodo neolberal de 1983 al 2018 al gobierno en un comit\u00e9 al servicio de una minor\u00eda rapaz que se dedic\u00f3 a saquear a M\u00e9xico como nunca en la historia de nuestro pa\u00eds, por eso luchamos y se logr\u00f3 el cambio, el inicio de una transformaci\u00f3n y existe una reacci\u00f3n conservadora\u201d.<\/p>\n<p>L\u00f3pez Obrador declin\u00f3 opinar sobre la decisi\u00f3n del Tribunal Electoral del Poder Judicial de la Federaci\u00f3n de anular la candidatura del ex gobernador de Tamaulipas, Francisco Javier Cabeza de Vaca, quien buscaba una diputaci\u00f3n federal por la alianza opositora. Tampoco quiso opinar sobre que el mismo tribunal dio su aval a la candidatura al senado del ex candidato presidencial panista Ricardo Anaya.<\/p>\n","protected":false},"excerpt":{"rendered":"<p>El presidente Andr\u00e9s Manuel L\u00f3pez Obrador se\u00f1al\u00f3 este jueves en su ma\u00f1anera que la investigaci\u00f3n contra el ministro en retiro Arturo Zald\u00edvar por parte de la Suprema Corte de Justicia de la Naci\u00f3n (SCJN) \u201ces un asunto eminentemente pol\u00edtico por las circunstancias electorales\u201d.<\/p>\n","protected":false},"author":3,"featured_media":616942,"comment_status":"open","ping_status":"open","sticky":false,"template":"","format":"standard","meta":{"_monsterinsights_skip_tracking":false,"_monsterinsights_sitenote_active":false,"_monsterinsights_sitenote_note":"","_monsterinsights_sitenote_category":0,"footnotes":""},"categories":[3],"tags":[2545,81514,979,43673],"class_list":["post-616840","post","type-post","status-publish","format-standard","has-post-thumbnail","hentry","category-nacional","tag-amlo","tag-arturo-zaldivar-lelo-de-larrea","tag-investigacion","tag-nacional"],"_links":{"self":[{"href":"https:\/\/www.diarioimagen.net\/index.php?rest_route=\/wp\/v2\/posts\/616840","targetHints":{"allow":["GET"]}}],"collection":[{"href":"https:\/\/www.diarioimagen.net\/index.php?rest_route=\/wp\/v2\/posts"}],"about":[{"href":"https:\/\/www.diarioimagen.net\/index.php?rest_route=\/wp\/v2\/types\/post"}],"author":[{"embeddable":true,"href":"https:\/\/www.diarioimagen.net\/index.php?rest_route=\/wp\/v2\/users\/3"}],"replies":[{"embeddable":true,"href":"https:\/\/www.diarioimagen.net\/index.php?rest_route=%2Fwp%2Fv2%2Fcomments&post=616840"}],"version-history":[{"count":0,"href":"https:\/\/www.diarioimagen.net\/index.php?rest_route=\/wp\/v2\/posts\/616840\/revisions"}],"wp:featuredmedia":[{"embeddable":true,"href":"https:\/\/www.diarioimagen.net\/index.php?rest_route=\/wp\/v2\/media\/616942"}],"wp:attachment":[{"href":"https:\/\/www.diarioimagen.net\/index.php?rest_route=%2Fwp%2Fv2%2Fmedia&parent=616840"}],"wp:term":[{"taxonomy":"category","embeddable":true,"href":"https:\/\/www.diarioimagen.net\/index.php?rest_route=%2Fwp%2Fv2%2Fcategories&post=616840"},{"taxonomy":"post_tag","embeddable":true,"href":"https:\/\/www.diarioimagen.net\/index.php?rest_route=%2Fwp%2Fv2%2Ftags&post=616840"}],"curies":[{"name":"wp","href":"https:\/\/api.w.org\/{rel}","templated":true}]}}