{"id":616842,"date":"2024-04-19T00:07:32","date_gmt":"2024-04-19T06:07:32","guid":{"rendered":"https:\/\/www.diarioimagen.net\/?p=616842"},"modified":"2024-04-19T03:07:53","modified_gmt":"2024-04-19T09:07:53","slug":"voluntarios-comunitarios-se-unen-al-combate-de-incendios-forestales","status":"publish","type":"post","link":"https:\/\/www.diarioimagen.net\/?p=616842","title":{"rendered":"Voluntarios comunitarios se unen al combate de incendios forestales"},"content":{"rendered":"<p>&nbsp;<\/p>\n<h2 style=\"text-align: center;\">Se suman a brigadas de Probosque<\/h2>\n<p>&nbsp;<\/p>\n<ul>\n<li><strong><em>Tambi\u00e9n colectan v\u00edveres y preparan alimentos para los combatientes del fuego<\/em><\/strong><\/li>\n<\/ul>\n<p><strong>\u00a0<\/strong><\/p>\n<div id=\"attachment_616959\" style=\"width: 470px\" class=\"wp-caption aligncenter\"><a href=\"https:\/\/www.diarioimagen.net\/?attachment_id=616959\" rel=\"attachment wp-att-616959\"><img loading=\"lazy\" decoding=\"async\" aria-describedby=\"caption-attachment-616959\" class=\"size-full wp-image-616959\" src=\"https:\/\/www.diarioimagen.net\/wp-content\/uploads\/2024\/04\/voluntarios-comunitarios.jpg\" alt=\"\" width=\"460\" height=\"270\" \/><\/a><p id=\"caption-attachment-616959\" class=\"wp-caption-text\">El gobierno del Estado de M\u00e9xico reconoce el trabajo que realizan comunitarios para proteger los bosques mexiquenses de los incendios forestales.<\/p><\/div>\n<p>&nbsp;<\/p>\n<p><strong>Villa Guerrero, Estado de M\u00e9xico.\u2014<\/strong> Uno de los municipios que se ha visto afectado por la presencia de incendios forestales en 2024, es Villa Guerrero, donde los pobladores de las comunidades afectadas han hecho equipo con las brigadas de la Protectora de Bosques del Estado de M\u00e9xico (Probosque) para combatir el fuego.<\/p>\n<p>Bajo la batuta de Probosque, as\u00ed como de las dependencias federales que apoyan en el combate de incendios, como la Comisi\u00f3n Nacional Forestal (Conafor) y el Ej\u00e9rcito mexicano, quienes viven en este municipio se organizan y se convierten en brigadistas voluntarios.<\/p>\n<p>Con su propia herramienta y la voluntad de extinguir los incendios para evitar da\u00f1os al ecosistema, estos brigadistas voluntarios junto con los integrantes de Probosque realizan las brechas cortafuego y vigilan que no se reactive el fuego.<\/p>\n<p>Al respecto, Ana Laura Soto, habitante de la comunidad de San Bartolom\u00e9, Villa Guerrero, destac\u00f3 y calific\u00f3 la labor que realiza Probosque y la forma en que coordina a los voluntarios.<\/p>\n<p>\u201cDel uno al 10, en este caso ser\u00eda un 10, hay muy buena organizaci\u00f3n de su parte, de verdad, est\u00e1n capacitados de manera excelente\u201d, expres\u00f3.<\/p>\n<p>Sin embargo, el apoyo de la comunidad va m\u00e1s all\u00e1 del combate de incendios, ya que se organizan para recolectar v\u00edveres y preparar alimentos para los brigadistas.<\/p>\n<p>\u201cTenemos otra se\u00f1ora encargada de recolectar y preparar todos los alimentos, tenemos una persona encargada de juntar el agua, recolectarla para si hay la posibilidad, si las instancias gubernamentales ofrecen la aeronave, tambi\u00e9n tenemos gente que se encarga de subir alimentos\u201d, agreg\u00f3.<\/p>\n<p>En este sentido, a nombre del Gobierno del Estado de M\u00e9xico, Alejandro S\u00e1nchez V\u00e9lez, Director General de Probosque, agradece el apoyo de quienes desde la sociedad, se suman a la tarea de extinguir los incendios en territorio mexiquense.<\/p>\n<p>\u201cNuestra gratitud a la sociedad, que se ha volcado en apoyos, en llevarnos agua, en darnos alimento, en ser voluntarios para hacer el combate\u201d, acot\u00f3.<\/p>\n","protected":false},"excerpt":{"rendered":"<p>Uno de los municipios que se ha visto afectado por la presencia de incendios forestales en 2024, es Villa Guerrero, donde los pobladores de las comunidades afectadas han hecho equipo con las brigadas de la Protectora de Bosques del Estado de M\u00e9xico (Probosque) para combatir el fuego.<\/p>\n","protected":false},"author":3,"featured_media":616959,"comment_status":"open","ping_status":"open","sticky":false,"template":"","format":"standard","meta":{"_monsterinsights_skip_tracking":false,"_monsterinsights_sitenote_active":false,"_monsterinsights_sitenote_note":"","_monsterinsights_sitenote_category":0,"footnotes":""},"categories":[5,99730],"tags":[99827,92760],"class_list":["post-616842","post","type-post","status-publish","format-standard","has-post-thumbnail","hentry","category-estado-de-mexico","category-edomex","tag-inendios-forestales","tag-voluntarios"],"_links":{"self":[{"href":"https:\/\/www.diarioimagen.net\/index.php?rest_route=\/wp\/v2\/posts\/616842","targetHints":{"allow":["GET"]}}],"collection":[{"href":"https:\/\/www.diarioimagen.net\/index.php?rest_route=\/wp\/v2\/posts"}],"about":[{"href":"https:\/\/www.diarioimagen.net\/index.php?rest_route=\/wp\/v2\/types\/post"}],"author":[{"embeddable":true,"href":"https:\/\/www.diarioimagen.net\/index.php?rest_route=\/wp\/v2\/users\/3"}],"replies":[{"embeddable":true,"href":"https:\/\/www.diarioimagen.net\/index.php?rest_route=%2Fwp%2Fv2%2Fcomments&post=616842"}],"version-history":[{"count":0,"href":"https:\/\/www.diarioimagen.net\/index.php?rest_route=\/wp\/v2\/posts\/616842\/revisions"}],"wp:featuredmedia":[{"embeddable":true,"href":"https:\/\/www.diarioimagen.net\/index.php?rest_route=\/wp\/v2\/media\/616959"}],"wp:attachment":[{"href":"https:\/\/www.diarioimagen.net\/index.php?rest_route=%2Fwp%2Fv2%2Fmedia&parent=616842"}],"wp:term":[{"taxonomy":"category","embeddable":true,"href":"https:\/\/www.diarioimagen.net\/index.php?rest_route=%2Fwp%2Fv2%2Fcategories&post=616842"},{"taxonomy":"post_tag","embeddable":true,"href":"https:\/\/www.diarioimagen.net\/index.php?rest_route=%2Fwp%2Fv2%2Ftags&post=616842"}],"curies":[{"name":"wp","href":"https:\/\/api.w.org\/{rel}","templated":true}]}}