{"id":616844,"date":"2024-04-19T00:06:19","date_gmt":"2024-04-19T06:06:19","guid":{"rendered":"https:\/\/www.diarioimagen.net\/?p=616844"},"modified":"2024-04-19T03:07:21","modified_gmt":"2024-04-19T09:07:21","slug":"gem-da-continuidad-a-politicas-de-salud-del-gobierno-federal","status":"publish","type":"post","link":"https:\/\/www.diarioimagen.net\/?p=616844","title":{"rendered":"GEM da continuidad a pol\u00edticas de salud del gobierno federal"},"content":{"rendered":"<p>&nbsp;<\/p>\n<ul>\n<li><em><strong>Tercera Sesi\u00f3n del Comando Estatal Interinstitucional<\/strong><\/em><\/li>\n<\/ul>\n<p><strong>\u00a0<\/strong><\/p>\n<div id=\"attachment_616957\" style=\"width: 470px\" class=\"wp-caption aligncenter\"><a href=\"https:\/\/www.diarioimagen.net\/?attachment_id=616957\" rel=\"attachment wp-att-616957\"><img loading=\"lazy\" decoding=\"async\" aria-describedby=\"caption-attachment-616957\" class=\"size-full wp-image-616957\" src=\"https:\/\/www.diarioimagen.net\/wp-content\/uploads\/2024\/04\/gem-da-continuidad.jpg\" alt=\"\" width=\"460\" height=\"270\" \/><\/a><p id=\"caption-attachment-616957\" class=\"wp-caption-text\">Se llev\u00f3 a cabo en Toluca la 3\u00aa Sesi\u00f3n del Comando Estatal Interinstitucional de los Servicios de Salud, en donde se abordaron las acciones que se realizan en diversas vertientes.<\/p><\/div>\n<p>&nbsp;<\/p>\n<p><strong>Toluca, Estado de M\u00e9xico.\u2014 <\/strong>Con el objetivo de dar continuidad a las pol\u00edticas de salud, impulsadas a nivel federal y con ello brindar m\u00e1s y mejores servicios a las y los mexiquenses, se llev\u00f3 a cabo la 3\u00aa Sesi\u00f3n del Comando Estatal Interinstitucional de los Servicios de Salud, en donde se abordaron las acciones que se realizan en diversas vertientes.<\/p>\n<p>La doctora Macarena Montoya Olvera, titular de la Secretar\u00eda de Salud estatal, destac\u00f3 que la responsabilidad y compromiso de cada uno de los representantes de las instituciones que conforman el sistema de salud en la entidad, contribuir\u00e1 a reducir los riesgos de incidencia y fortalecer acciones en torno a diversos temas, que han sido planteados por el Consejo Nacional de Salud para el Bienestar (CONASABI), el Consejo de Salubridad General y el Instituto Mexicano del Seguro Social (IMSS).<\/p>\n<p>La doctora Alethse de la Torre Rosas, Directora General del Centro Nacional para la Prevenci\u00f3n y Control del VIH y el SIDA (CENSIDA) y enlace del Servicio Nacional de Salud P\u00fablica con el Estado de M\u00e9xico, al presentar la Integraci\u00f3n del Centro Coordinador para el Bienestar al Comando Interinstitucional Estatal del Sector Salud (CEISS), afirm\u00f3 que esta importante tarea tiene como objetivo avanzar en los procesos de mejora continua en los servicios de salud, a trav\u00e9s de la eficiencia, eficacia y atenci\u00f3n equitativa a las y los mexiquenses, con impacto directo en la comunidad.<\/p>\n<p>En tanto, la doctora Sonia Echeverri Fr\u00edas, Jefa del Departamento de VIH\/SIDA y Hepatitis C del Instituto de Salud del Estado de M\u00e9xico (ISEM), al abordar el tema de la transversalizaci\u00f3n de la eliminaci\u00f3n de la transmisi\u00f3n vertical del VIH y S\u00edfilis, afirm\u00f3 que ante este problema se han registrado avances, pero es necesario reforzar la coordinaci\u00f3n interinstitucional para el diagn\u00f3stico, a trav\u00e9s de un seguimiento puntual del embarazo para dar tratamiento oportuno.<\/p>\n<p>Asimismo, el doctor Germ\u00e1n Venegas Esquivel, Asesor de la Jefatura de Prestaciones M\u00e9dicas del \u00d3rgano de Operaci\u00f3n Administrativa Desconcentrada Regional Estado de M\u00e9xico Poniente del IMSS, present\u00f3 avances en el desarrollo de mapas microbiol\u00f3gicos y Red de Infect\u00f3logos del Estado de M\u00e9xico (RIEM); en el primer caso, dijo, se trabaja en los Hospitales Materno Perinatal \u201cM\u00f3nica Pretelini\u201d, para el Ni\u00f1o y el Centro M\u00e9dico \u201cLic. Adolfo L\u00f3pez Mateos\u201d.<\/p>\n","protected":false},"excerpt":{"rendered":"<p>Con el objetivo de dar continuidad a las pol\u00edticas de salud, impulsadas a nivel federal y con ello brindar m\u00e1s y mejores servicios a las y los mexiquenses, se llev\u00f3 a cabo la 3\u00aa Sesi\u00f3n del Comando Estatal Interinstitucional de los Servicios de Salud, en donde se abordaron las acciones que se realizan en diversas vertientes.<\/p>\n","protected":false},"author":3,"featured_media":616957,"comment_status":"open","ping_status":"open","sticky":false,"template":"","format":"standard","meta":{"_monsterinsights_skip_tracking":false,"_monsterinsights_sitenote_active":false,"_monsterinsights_sitenote_note":"","_monsterinsights_sitenote_category":0,"footnotes":""},"categories":[18863,99730],"tags":[71973,43675,1720,43692,452],"class_list":["post-616844","post","type-post","status-publish","format-standard","has-post-thumbnail","hentry","category-salud-edomex","category-edomex","tag-continuidad","tag-estado-de-mexico","tag-gem","tag-salud","tag-toluca"],"_links":{"self":[{"href":"https:\/\/www.diarioimagen.net\/index.php?rest_route=\/wp\/v2\/posts\/616844","targetHints":{"allow":["GET"]}}],"collection":[{"href":"https:\/\/www.diarioimagen.net\/index.php?rest_route=\/wp\/v2\/posts"}],"about":[{"href":"https:\/\/www.diarioimagen.net\/index.php?rest_route=\/wp\/v2\/types\/post"}],"author":[{"embeddable":true,"href":"https:\/\/www.diarioimagen.net\/index.php?rest_route=\/wp\/v2\/users\/3"}],"replies":[{"embeddable":true,"href":"https:\/\/www.diarioimagen.net\/index.php?rest_route=%2Fwp%2Fv2%2Fcomments&post=616844"}],"version-history":[{"count":0,"href":"https:\/\/www.diarioimagen.net\/index.php?rest_route=\/wp\/v2\/posts\/616844\/revisions"}],"wp:featuredmedia":[{"embeddable":true,"href":"https:\/\/www.diarioimagen.net\/index.php?rest_route=\/wp\/v2\/media\/616957"}],"wp:attachment":[{"href":"https:\/\/www.diarioimagen.net\/index.php?rest_route=%2Fwp%2Fv2%2Fmedia&parent=616844"}],"wp:term":[{"taxonomy":"category","embeddable":true,"href":"https:\/\/www.diarioimagen.net\/index.php?rest_route=%2Fwp%2Fv2%2Fcategories&post=616844"},{"taxonomy":"post_tag","embeddable":true,"href":"https:\/\/www.diarioimagen.net\/index.php?rest_route=%2Fwp%2Fv2%2Ftags&post=616844"}],"curies":[{"name":"wp","href":"https:\/\/api.w.org\/{rel}","templated":true}]}}