{"id":616846,"date":"2024-04-19T00:01:03","date_gmt":"2024-04-19T06:01:03","guid":{"rendered":"https:\/\/www.diarioimagen.net\/?p=616846"},"modified":"2024-04-19T03:04:29","modified_gmt":"2024-04-19T09:04:29","slug":"mejora-percepcion-de-seguridad-publica-en-el-edomex-segun-encuesta-del-inegi","status":"publish","type":"post","link":"https:\/\/www.diarioimagen.net\/?p=616846","title":{"rendered":"Mejora percepci\u00f3n de seguridad p\u00fablica en el Edomex, seg\u00fan encuesta del Inegi"},"content":{"rendered":"<p>&nbsp;<\/p>\n<ul>\n<li><em><strong>Sondeo en zonas urbanas<\/strong><\/em><\/li>\n<\/ul>\n<p>&nbsp;<\/p>\n<div id=\"attachment_616947\" style=\"width: 470px\" class=\"wp-caption aligncenter\"><a href=\"https:\/\/www.diarioimagen.net\/?attachment_id=616947\" rel=\"attachment wp-att-616947\"><img loading=\"lazy\" decoding=\"async\" aria-describedby=\"caption-attachment-616947\" class=\"size-full wp-image-616947\" src=\"https:\/\/www.diarioimagen.net\/wp-content\/uploads\/2024\/04\/mejora-percepcion-seguridad.jpg\" alt=\"\" width=\"460\" height=\"270\" \/><\/a><p id=\"caption-attachment-616947\" class=\"wp-caption-text\">Seg\u00fan la encuesta trimestral de Seguridad Urbana, hay mejora en la percepci\u00f3n p\u00fablica de la seguridad, as\u00ed como del desempe\u00f1o de la Polic\u00eda Estatal en zonas urbanas del estado.<\/p><\/div>\n<p>&nbsp;<\/p>\n<p><strong>Valle de M\u00e9xico.\u2014<\/strong> El Instituto Nacional de Estad\u00edstica y Geograf\u00eda (Inegi) inform\u00f3 los resultados de la encuesta trimestral de Seguridad Urbana, los cuales reflejan una mejora en la percepci\u00f3n p\u00fablica de la seguridad as\u00ed como del desempe\u00f1o de la Polic\u00eda Estatal en zonas urbanas del estado, del 2% y del 7.8%, respectivamente.<\/p>\n<p>Seg\u00fan el informe del Inegi, el desempe\u00f1o de la percepci\u00f3n de la polic\u00eda mexiquense en zonas urbanas ha experimentado un incremento del 7.8% en comparaci\u00f3n con diciembre de 2023.<\/p>\n<p>Este avance se refleja en el aumento de la percepci\u00f3n positiva del 44.9% al 48.5%, lo que indica que casi la mitad de la poblaci\u00f3n considera efectivo el desempe\u00f1o de la Secretar\u00eda de Seguridad del Estado de M\u00e9xico (SSEM). Este nivel de aceptaci\u00f3n es el m\u00e1s alto registrado conforme a la m\u00e9trica del Inegi en muchos meses, lo que refleja los esfuerzos continuos y dedicados de la Polic\u00eda Estatal para fortalecer la confianza y la percepci\u00f3n positiva de la comunidad.<\/p>\n<p>Asimismo, el estudio revela que la poblaci\u00f3n de 18 a\u00f1os y m\u00e1s de las principales zonas urbanas del Estado de M\u00e9xico percibe una mejora en el desempe\u00f1o de la Polic\u00eda Estatal en 6 de los 8 municipios evaluados por el Inegi. Destaca especialmente la mejora en la percepci\u00f3n del desempe\u00f1o de la Polic\u00eda Estatal en Atizap\u00e1n, donde se registr\u00f3 un aumento de 15.3 puntos porcentuales, lo que ha contribuido significativamente a la mejora global en el indicador de percepci\u00f3n de seguridad en este municipio.<\/p>\n","protected":false},"excerpt":{"rendered":"<p>El Instituto Nacional de Estad\u00edstica y Geograf\u00eda (Inegi) inform\u00f3 los resultados de la encuesta trimestral de Seguridad Urbana, los cuales reflejan una mejora en la percepci\u00f3n p\u00fablica de la seguridad as\u00ed como del desempe\u00f1o de la Polic\u00eda Estatal en zonas urbanas del estado, del 2% y del 7.8%, respectivamente.<\/p>\n","protected":false},"author":3,"featured_media":616947,"comment_status":"open","ping_status":"open","sticky":false,"template":"","format":"standard","meta":{"_monsterinsights_skip_tracking":false,"_monsterinsights_sitenote_active":false,"_monsterinsights_sitenote_note":"","_monsterinsights_sitenote_category":0,"footnotes":""},"categories":[5],"tags":[68,193,43677,34],"class_list":["post-616846","post","type-post","status-publish","format-standard","has-post-thumbnail","hentry","category-estado-de-mexico","tag-edomex","tag-inegi","tag-seguridad","tag-valle-de-mexico"],"_links":{"self":[{"href":"https:\/\/www.diarioimagen.net\/index.php?rest_route=\/wp\/v2\/posts\/616846","targetHints":{"allow":["GET"]}}],"collection":[{"href":"https:\/\/www.diarioimagen.net\/index.php?rest_route=\/wp\/v2\/posts"}],"about":[{"href":"https:\/\/www.diarioimagen.net\/index.php?rest_route=\/wp\/v2\/types\/post"}],"author":[{"embeddable":true,"href":"https:\/\/www.diarioimagen.net\/index.php?rest_route=\/wp\/v2\/users\/3"}],"replies":[{"embeddable":true,"href":"https:\/\/www.diarioimagen.net\/index.php?rest_route=%2Fwp%2Fv2%2Fcomments&post=616846"}],"version-history":[{"count":0,"href":"https:\/\/www.diarioimagen.net\/index.php?rest_route=\/wp\/v2\/posts\/616846\/revisions"}],"wp:featuredmedia":[{"embeddable":true,"href":"https:\/\/www.diarioimagen.net\/index.php?rest_route=\/wp\/v2\/media\/616947"}],"wp:attachment":[{"href":"https:\/\/www.diarioimagen.net\/index.php?rest_route=%2Fwp%2Fv2%2Fmedia&parent=616846"}],"wp:term":[{"taxonomy":"category","embeddable":true,"href":"https:\/\/www.diarioimagen.net\/index.php?rest_route=%2Fwp%2Fv2%2Fcategories&post=616846"},{"taxonomy":"post_tag","embeddable":true,"href":"https:\/\/www.diarioimagen.net\/index.php?rest_route=%2Fwp%2Fv2%2Ftags&post=616846"}],"curies":[{"name":"wp","href":"https:\/\/api.w.org\/{rel}","templated":true}]}}