{"id":616850,"date":"2024-04-19T00:03:20","date_gmt":"2024-04-19T06:03:20","guid":{"rendered":"https:\/\/www.diarioimagen.net\/?p=616850"},"modified":"2024-04-19T03:05:34","modified_gmt":"2024-04-19T09:05:34","slug":"inconstitucional-quitar-ahorros-para-el-retiro-diputado-eduardo-villasenor","status":"publish","type":"post","link":"https:\/\/www.diarioimagen.net\/?p=616850","title":{"rendered":"Inconstitucional, quitar ahorros para el retiro: diputado Eduardo Villase\u00f1or"},"content":{"rendered":"<p>&nbsp;<\/p>\n<ul>\n<li><strong><em>Golpe a la clase trabajadora<\/em><\/strong><\/li>\n<\/ul>\n<p>&nbsp;<\/p>\n<div id=\"attachment_616951\" style=\"width: 470px\" class=\"wp-caption aligncenter\"><a href=\"https:\/\/www.diarioimagen.net\/?attachment_id=616951\" rel=\"attachment wp-att-616951\"><img loading=\"lazy\" decoding=\"async\" aria-describedby=\"caption-attachment-616951\" class=\"size-full wp-image-616951\" src=\"https:\/\/www.diarioimagen.net\/wp-content\/uploads\/2024\/04\/inconstitucional-quitar-ahorros.jpg\" alt=\"\" width=\"460\" height=\"270\" \/><\/a><p id=\"caption-attachment-616951\" class=\"wp-caption-text\">El diputado Eduardo Villase\u00f1or Cicero se\u00f1al\u00f3 que no permitir\u00e1n que el gobierno se apropie del ahorro de millones de trabajadores.<\/p><\/div>\n<p>&nbsp;<\/p>\n<p><strong>Naucalpan, Estado de M\u00e9xico.\u2014<\/strong> \u201cDesde luego que es clara y evidente la intenci\u00f3n de Morena y del gobierno federal de meter la mano en los recursos que las y los mexicanos ganaron con el esfuerzo de toda su vida y eso, desde el Congreso de la Uni\u00f3n no lo permitiremos bajo ning\u00fan concepto\u201d.<\/p>\n<p>As\u00ed lo expres\u00f3, en entrevista, el diputado federal panista Eduardo Villase\u00f1or Cicero, al tiempo de se\u00f1alar que \u201cpor ser inconstitucional y por tratarse de un fuerte golpe a las y los trabajadores, no permitiremos que el gobierno se apropie del ahorro de millones de mexicanos\u201d.<\/p>\n<p>El diputado naucalpense record\u00f3 que \u201cle hemos dicho al gobierno que comience pensionando bien a las y los trabajadores del Estado mexicano, a quienes actualmente no les da la totalidad de su pensi\u00f3n y luego intente robar las pensiones de los adultos mayores\u201d, puntualiz\u00f3.<\/p>\n<p>Por otra parte, Eduardo Villase\u00f1or se\u00f1al\u00f3 que \u201ces clara la intenci\u00f3n del gobierno y Morena de meter mano en recursos que pertenecen a los mexicanos sin reglas claras y con un Fondo de Pensiones para el Bienestar opaco y cuestionable, poniendo en enorme riesgo el ahorro de los trabajadores\u201d.<\/p>\n<p>Finalmente, el legislador federal reiter\u00f3 que \u201cla bancada de Acci\u00f3n Nacional y nuestros\u00a0 aliados pol\u00edticos no dejaremos pasar ninguna iniciativa de Ley que atenta contra los bolsillos que quienes trabajaron toda su\u00a0 vida. No permitiremos ese absurdo\u201d.<\/p>\n","protected":false},"excerpt":{"rendered":"<p>\u201cDesde luego que es clara y evidente la intenci\u00f3n de Morena y del gobierno federal de meter la mano en los recursos que las y los mexicanos ganaron con el esfuerzo de toda su vida y eso, desde el Congreso de la Uni\u00f3n no lo permitiremos bajo ning\u00fan concepto\u201d.<\/p>\n","protected":false},"author":3,"featured_media":616951,"comment_status":"open","ping_status":"open","sticky":false,"template":"","format":"standard","meta":{"_monsterinsights_skip_tracking":false,"_monsterinsights_sitenote_active":false,"_monsterinsights_sitenote_note":"","_monsterinsights_sitenote_category":0,"footnotes":""},"categories":[5],"tags":[88010,43675,20663,970],"class_list":["post-616850","post","type-post","status-publish","format-standard","has-post-thumbnail","hentry","category-estado-de-mexico","tag-ahorros","tag-estado-de-mexico","tag-morena","tag-naucalpan"],"_links":{"self":[{"href":"https:\/\/www.diarioimagen.net\/index.php?rest_route=\/wp\/v2\/posts\/616850","targetHints":{"allow":["GET"]}}],"collection":[{"href":"https:\/\/www.diarioimagen.net\/index.php?rest_route=\/wp\/v2\/posts"}],"about":[{"href":"https:\/\/www.diarioimagen.net\/index.php?rest_route=\/wp\/v2\/types\/post"}],"author":[{"embeddable":true,"href":"https:\/\/www.diarioimagen.net\/index.php?rest_route=\/wp\/v2\/users\/3"}],"replies":[{"embeddable":true,"href":"https:\/\/www.diarioimagen.net\/index.php?rest_route=%2Fwp%2Fv2%2Fcomments&post=616850"}],"version-history":[{"count":0,"href":"https:\/\/www.diarioimagen.net\/index.php?rest_route=\/wp\/v2\/posts\/616850\/revisions"}],"wp:featuredmedia":[{"embeddable":true,"href":"https:\/\/www.diarioimagen.net\/index.php?rest_route=\/wp\/v2\/media\/616951"}],"wp:attachment":[{"href":"https:\/\/www.diarioimagen.net\/index.php?rest_route=%2Fwp%2Fv2%2Fmedia&parent=616850"}],"wp:term":[{"taxonomy":"category","embeddable":true,"href":"https:\/\/www.diarioimagen.net\/index.php?rest_route=%2Fwp%2Fv2%2Fcategories&post=616850"},{"taxonomy":"post_tag","embeddable":true,"href":"https:\/\/www.diarioimagen.net\/index.php?rest_route=%2Fwp%2Fv2%2Ftags&post=616850"}],"curies":[{"name":"wp","href":"https:\/\/api.w.org\/{rel}","templated":true}]}}