{"id":616852,"date":"2024-04-19T00:04:41","date_gmt":"2024-04-19T06:04:41","guid":{"rendered":"https:\/\/www.diarioimagen.net\/?p=616852"},"modified":"2024-04-19T03:06:01","modified_gmt":"2024-04-19T09:06:01","slug":"ordenan-suspender-programas-sociales-en-edomex-por-veda-electoral","status":"publish","type":"post","link":"https:\/\/www.diarioimagen.net\/?p=616852","title":{"rendered":"Ordenan suspender programas sociales en Edomex por veda electoral"},"content":{"rendered":"<p>&nbsp;<\/p>\n<p><a href=\"https:\/\/www.diarioimagen.net\/?attachment_id=616953\" rel=\"attachment wp-att-616953\"><img loading=\"lazy\" decoding=\"async\" class=\"aligncenter size-full wp-image-616953\" src=\"https:\/\/www.diarioimagen.net\/wp-content\/uploads\/2024\/04\/ordenan-suspender.jpg\" alt=\"\" width=\"460\" height=\"270\" \/><\/a><\/p>\n<p>&nbsp;<\/p>\n<p><strong>Valle de M\u00e9xico.\u2014 <\/strong>A partir del 25 de abril y hasta el primero de junio, se determin\u00f3 que los gobiernos estatal y municipales, emanados del partido que sean, as\u00ed como las y los legisladores locales no podr\u00e1n operar programas sociales o comunitarios.<\/p>\n<p>As\u00ed lo estableci\u00f3 la C\u00e1mara de Diputados a unas semanas de que se lleven a cabo los procesos electorales en la entidad mexiquense y en todo el pa\u00eds y s\u00e9 proh\u00edbe la entrega a la poblaci\u00f3n de materiales, alimentos o cualquier elemento que forme parte de sus programas asistenciales o de promoci\u00f3n y desarrollo social<\/p>\n<p>Lo anterior con excepci\u00f3n de los casos de extrema urgencia debido a enfermedades, desastres naturales, siniestros u otros eventos de igual naturaleza, por lo que las autoridades estatales y municipales seguir\u00e1n desarrollando las funciones y servicios p\u00fablicos necesarios para la atenci\u00f3n y desarrollo de la poblaci\u00f3n, de acuerdo con su normatividad y en apego a las disposiciones electorales.<\/p>\n","protected":false},"excerpt":{"rendered":"<p>A partir del 25 de abril y hasta el primero de junio, se determin\u00f3 que los gobiernos estatal y municipales, emanados del partido que sean, as\u00ed como las y los legisladores locales no podr\u00e1n operar programas sociales o comunitarios.<\/p>\n","protected":false},"author":3,"featured_media":616953,"comment_status":"open","ping_status":"open","sticky":false,"template":"","format":"standard","meta":{"_monsterinsights_skip_tracking":false,"_monsterinsights_sitenote_active":false,"_monsterinsights_sitenote_note":"","_monsterinsights_sitenote_category":0,"footnotes":""},"categories":[5],"tags":[68,77183,75320],"class_list":["post-616852","post","type-post","status-publish","format-standard","has-post-thumbnail","hentry","category-estado-de-mexico","tag-edomex","tag-programas","tag-veda-electoral"],"_links":{"self":[{"href":"https:\/\/www.diarioimagen.net\/index.php?rest_route=\/wp\/v2\/posts\/616852","targetHints":{"allow":["GET"]}}],"collection":[{"href":"https:\/\/www.diarioimagen.net\/index.php?rest_route=\/wp\/v2\/posts"}],"about":[{"href":"https:\/\/www.diarioimagen.net\/index.php?rest_route=\/wp\/v2\/types\/post"}],"author":[{"embeddable":true,"href":"https:\/\/www.diarioimagen.net\/index.php?rest_route=\/wp\/v2\/users\/3"}],"replies":[{"embeddable":true,"href":"https:\/\/www.diarioimagen.net\/index.php?rest_route=%2Fwp%2Fv2%2Fcomments&post=616852"}],"version-history":[{"count":0,"href":"https:\/\/www.diarioimagen.net\/index.php?rest_route=\/wp\/v2\/posts\/616852\/revisions"}],"wp:featuredmedia":[{"embeddable":true,"href":"https:\/\/www.diarioimagen.net\/index.php?rest_route=\/wp\/v2\/media\/616953"}],"wp:attachment":[{"href":"https:\/\/www.diarioimagen.net\/index.php?rest_route=%2Fwp%2Fv2%2Fmedia&parent=616852"}],"wp:term":[{"taxonomy":"category","embeddable":true,"href":"https:\/\/www.diarioimagen.net\/index.php?rest_route=%2Fwp%2Fv2%2Fcategories&post=616852"},{"taxonomy":"post_tag","embeddable":true,"href":"https:\/\/www.diarioimagen.net\/index.php?rest_route=%2Fwp%2Fv2%2Ftags&post=616852"}],"curies":[{"name":"wp","href":"https:\/\/api.w.org\/{rel}","templated":true}]}}