{"id":616994,"date":"2024-04-22T00:07:46","date_gmt":"2024-04-22T06:07:46","guid":{"rendered":"https:\/\/www.diarioimagen.net\/?p=616994"},"modified":"2024-04-22T22:42:08","modified_gmt":"2024-04-23T04:42:08","slug":"presenta-estudiantado-de-la-uaemex-produccion-artistica-universitaria","status":"publish","type":"post","link":"https:\/\/www.diarioimagen.net\/?p=616994","title":{"rendered":"Presenta estudiantado de la UAEM\u00e9x producci\u00f3n art\u00edstica universitaria"},"content":{"rendered":"<p>&nbsp;<\/p>\n<div id=\"attachment_617084\" style=\"width: 470px\" class=\"wp-caption aligncenter\"><a href=\"https:\/\/www.diarioimagen.net\/?attachment_id=617084\" rel=\"attachment wp-att-617084\"><img loading=\"lazy\" decoding=\"async\" aria-describedby=\"caption-attachment-617084\" class=\"size-full wp-image-617084\" src=\"https:\/\/www.diarioimagen.net\/wp-content\/uploads\/2024\/04\/uaem-presenta-estudiantado.jpg\" alt=\"\" width=\"460\" height=\"270\" \/><\/a><p id=\"caption-attachment-617084\" class=\"wp-caption-text\">Durante esta edici\u00f3n fueron galardonadas, con el primer lugar, Mim\u00ed, con las piezas tituladas \u201cCargas\u201d; con el segundo lugar, Mariana Estrada Cruz, con la obra \u201cMujer M\u00e1quina, Consciencia Virtual\u201d, y con el tercer lugar, la alumna Ver\u00f3nica Plata Reynoso, con la obra \u201cReproducci\u00f3n del Sujeto\u201d.<\/p><\/div>\n<p>&nbsp;<\/p>\n<p><strong>Toluca, Estado de M\u00e9xico.\u2014<\/strong> Las universidades son gestoras de cultura, sus espacios tienen las condiciones de libertad de pensamiento para albergar el capital creativo que genera expresiones culturales y art\u00edsticas, as\u00ed se destac\u00f3 durante la inauguraci\u00f3n del XXI Sal\u00f3n Anual de la Facultad de Artes de la Universidad Aut\u00f3noma del Estado de M\u00e9xico (UAEM\u00e9x).<\/p>\n<p>Acompa\u00f1ado de la directora de la Facultad de Artes, Ana Lilia Cruz Pais y la alumna galardonada con el primer lugar del Sal\u00f3n Anual de la Facultad de Artes, Noem\u00ed Aguilar V\u00e1zquez (Mimi), el director del Centro Cultural Universitario, \u201cCasa de las Diligencias\u201d, Gast\u00f3n Pedraza Mu\u00f1oz se\u00f1al\u00f3 que este ejercicio anual busca motivar al estudiantado a presentar obras art\u00edsticas que les permita vincularse con diversos circuitos art\u00edsticos.<\/p>\n<p>Por su parte, Cruz Pais destac\u00f3 que el Sal\u00f3n Anual de la Facultad de Artes es una de las tradiciones m\u00e1s importantes de esta comunidad universitaria, que a trav\u00e9s del tiempo se ha transformado para abrir las puertas a otras expresiones art\u00edsticas que desbordan la concepci\u00f3n de la gr\u00e1fica, la escultura o la pintura, integrando las artes digitales.<\/p>\n<p>\u201cLas obras que se exponen hoy son procesos de investigaci\u00f3n largos, a veces dolorosos, a veces gozosos, otras veces accidentales, llenos de experiencias y reflexiones que cada d\u00eda se llevan a cabo en las aulas, pasillos y talleres de nuestra facultad. Les invitamos a crear v\u00ednculos y a detenerse en el tiempo de cada una de las propuestas \u201d, afirm\u00f3.<\/p>\n<p>Posterior a la inauguraci\u00f3n hicieron un recorrido por las salas 1, 12 y 13 del espacio universitario, donde se encuentran las obras que forman parte de esta muestra art\u00edstica.<\/p>\n<p>Durante esta edici\u00f3n fueron galardonadas, con el primer lugar, Mim\u00ed, con las piezas tituladas \u201cCargas\u201d; con el segundo lugar, Mariana Estrada Cruz, con la obra \u201cMujer M\u00e1quina, Consciencia Virtual\u201d, y con el tercer lugar, la alumna Ver\u00f3nica Plata Reynoso, con la obra \u201cReproducci\u00f3n del Sujeto\u201d.<\/p>\n<p>El Sal\u00f3n Anual de la Facultad de Artes es un punto de encuentro para la presentaci\u00f3n y validaci\u00f3n de la producci\u00f3n de los programas acad\u00e9micos de las licenciaturas en Artes Visuales, Artes Pl\u00e1sticas y Arte Digital.<\/p>\n","protected":false},"excerpt":{"rendered":"<p>Las universidades son gestoras de cultura, sus espacios tienen las condiciones de libertad de pensamiento para albergar el capital creativo que genera expresiones culturales y art\u00edsticas, as\u00ed se destac\u00f3 durante la inauguraci\u00f3n del XXI Sal\u00f3n Anual de la Facultad de Artes de la Universidad Aut\u00f3noma del Estado de M\u00e9xico (UAEM\u00e9x).<\/p>\n","protected":false},"author":3,"featured_media":617084,"comment_status":"open","ping_status":"open","sticky":false,"template":"","format":"standard","meta":{"_monsterinsights_skip_tracking":false,"_monsterinsights_sitenote_active":false,"_monsterinsights_sitenote_note":"","_monsterinsights_sitenote_category":0,"footnotes":""},"categories":[5],"tags":[99840,1490],"class_list":["post-616994","post","type-post","status-publish","format-standard","has-post-thumbnail","hentry","category-estado-de-mexico","tag-produccion-artistica","tag-universidad-autonoma-del-estado-de-mexico"],"_links":{"self":[{"href":"https:\/\/www.diarioimagen.net\/index.php?rest_route=\/wp\/v2\/posts\/616994","targetHints":{"allow":["GET"]}}],"collection":[{"href":"https:\/\/www.diarioimagen.net\/index.php?rest_route=\/wp\/v2\/posts"}],"about":[{"href":"https:\/\/www.diarioimagen.net\/index.php?rest_route=\/wp\/v2\/types\/post"}],"author":[{"embeddable":true,"href":"https:\/\/www.diarioimagen.net\/index.php?rest_route=\/wp\/v2\/users\/3"}],"replies":[{"embeddable":true,"href":"https:\/\/www.diarioimagen.net\/index.php?rest_route=%2Fwp%2Fv2%2Fcomments&post=616994"}],"version-history":[{"count":0,"href":"https:\/\/www.diarioimagen.net\/index.php?rest_route=\/wp\/v2\/posts\/616994\/revisions"}],"wp:featuredmedia":[{"embeddable":true,"href":"https:\/\/www.diarioimagen.net\/index.php?rest_route=\/wp\/v2\/media\/617084"}],"wp:attachment":[{"href":"https:\/\/www.diarioimagen.net\/index.php?rest_route=%2Fwp%2Fv2%2Fmedia&parent=616994"}],"wp:term":[{"taxonomy":"category","embeddable":true,"href":"https:\/\/www.diarioimagen.net\/index.php?rest_route=%2Fwp%2Fv2%2Fcategories&post=616994"},{"taxonomy":"post_tag","embeddable":true,"href":"https:\/\/www.diarioimagen.net\/index.php?rest_route=%2Fwp%2Fv2%2Ftags&post=616994"}],"curies":[{"name":"wp","href":"https:\/\/api.w.org\/{rel}","templated":true}]}}