{"id":617002,"date":"2024-04-22T00:05:52","date_gmt":"2024-04-22T06:05:52","guid":{"rendered":"https:\/\/www.diarioimagen.net\/?p=617002"},"modified":"2024-04-22T01:06:27","modified_gmt":"2024-04-22T07:06:27","slug":"atienden-demandas-de-concesionarios-y-lideres-transportistas","status":"publish","type":"post","link":"https:\/\/www.diarioimagen.net\/?p=617002","title":{"rendered":"Atienden demandas de concesionarios y l\u00edderes transportistas"},"content":{"rendered":"<p>&nbsp;<\/p>\n<ul>\n<li><em><strong>Acuerda Movilidad agilizar tr\u00e1mites en ventanillas<\/strong><\/em><\/li>\n<\/ul>\n<p>&nbsp;<\/p>\n<div id=\"attachment_617122\" style=\"width: 470px\" class=\"wp-caption aligncenter\"><a href=\"https:\/\/www.diarioimagen.net\/?attachment_id=617122\" rel=\"attachment wp-att-617122\"><img loading=\"lazy\" decoding=\"async\" aria-describedby=\"caption-attachment-617122\" class=\"size-full wp-image-617122\" src=\"https:\/\/www.diarioimagen.net\/wp-content\/uploads\/2024\/04\/atienden-demandas.jpg\" alt=\"\" width=\"460\" height=\"270\" \/><\/a><p id=\"caption-attachment-617122\" class=\"wp-caption-text\">Funcionarios de la Secretar\u00eda de Movilidad se reunieron con concesionarios y l\u00edderes transportistas del Valle de Toluca, con quienes se acord\u00f3 agilizar los tr\u00e1mites en ventanillas.<\/p><\/div>\n<p>&nbsp;<\/p>\n<p><strong>Toluca, Estado de M\u00e9xico.\u2014 <\/strong>Representantes de la Secretar\u00eda de Movilidad se reunieron con concesionarios y l\u00edderes transportistas del Valle de Toluca, con quienes se acord\u00f3 agilizar los tr\u00e1mites en las ventanillas para la expedici\u00f3n de placas, sustituci\u00f3n de veh\u00edculos, reposici\u00f3n de tarjeta de circulaci\u00f3n y cambio de propietario, con el fin de que puedan continuar con el proceso de regularizaci\u00f3n.<\/p>\n<p>Tambi\u00e9n liberar aquellas unidades que fueron retenidas en dep\u00f3sito vehicular el pasado 10 de abril, durante una visita de verificaci\u00f3n, siempre y cuando cumplan con los documentos requeridos para su correcta operaci\u00f3n, principalmente licencia de conducir y seguro de la unidad vigentes.<\/p>\n<p>Asimismo, se reiter\u00f3 el compromiso de atender a los operadores, concesionarios y prestadores del servicio de taxi, de manera respetuosa, transparente e institucional.<\/p>\n<p>Con estas acciones el Gobierno del Estado de M\u00e9xico y la Secretar\u00eda de Movilidad atienden las necesidades m\u00e1s urgentes de las y los mexiquenses y combate la corrupci\u00f3n en el transporte p\u00fablico.<\/p>\n","protected":false},"excerpt":{"rendered":"<p>Representantes de la Secretar\u00eda de Movilidad se reunieron con concesionarios y l\u00edderes transportistas del Valle de Toluca, con quienes se acord\u00f3 agilizar los tr\u00e1mites en las ventanillas para la expedici\u00f3n de placas, sustituci\u00f3n de veh\u00edculos, reposici\u00f3n de tarjeta de circulaci\u00f3n y cambio de propietario, con el fin de que puedan continuar con el proceso de regularizaci\u00f3n.<\/p>\n","protected":false},"author":3,"featured_media":617122,"comment_status":"open","ping_status":"open","sticky":false,"template":"","format":"standard","meta":{"_monsterinsights_skip_tracking":false,"_monsterinsights_sitenote_active":false,"_monsterinsights_sitenote_note":"","_monsterinsights_sitenote_category":0,"footnotes":""},"categories":[5,99730],"tags":[78873,12963],"class_list":["post-617002","post","type-post","status-publish","format-standard","has-post-thumbnail","hentry","category-estado-de-mexico","category-edomex","tag-concesiones","tag-transportistas"],"_links":{"self":[{"href":"https:\/\/www.diarioimagen.net\/index.php?rest_route=\/wp\/v2\/posts\/617002","targetHints":{"allow":["GET"]}}],"collection":[{"href":"https:\/\/www.diarioimagen.net\/index.php?rest_route=\/wp\/v2\/posts"}],"about":[{"href":"https:\/\/www.diarioimagen.net\/index.php?rest_route=\/wp\/v2\/types\/post"}],"author":[{"embeddable":true,"href":"https:\/\/www.diarioimagen.net\/index.php?rest_route=\/wp\/v2\/users\/3"}],"replies":[{"embeddable":true,"href":"https:\/\/www.diarioimagen.net\/index.php?rest_route=%2Fwp%2Fv2%2Fcomments&post=617002"}],"version-history":[{"count":0,"href":"https:\/\/www.diarioimagen.net\/index.php?rest_route=\/wp\/v2\/posts\/617002\/revisions"}],"wp:featuredmedia":[{"embeddable":true,"href":"https:\/\/www.diarioimagen.net\/index.php?rest_route=\/wp\/v2\/media\/617122"}],"wp:attachment":[{"href":"https:\/\/www.diarioimagen.net\/index.php?rest_route=%2Fwp%2Fv2%2Fmedia&parent=617002"}],"wp:term":[{"taxonomy":"category","embeddable":true,"href":"https:\/\/www.diarioimagen.net\/index.php?rest_route=%2Fwp%2Fv2%2Fcategories&post=617002"},{"taxonomy":"post_tag","embeddable":true,"href":"https:\/\/www.diarioimagen.net\/index.php?rest_route=%2Fwp%2Fv2%2Ftags&post=617002"}],"curies":[{"name":"wp","href":"https:\/\/api.w.org\/{rel}","templated":true}]}}