{"id":617004,"date":"2024-04-22T00:01:06","date_gmt":"2024-04-22T06:01:06","guid":{"rendered":"https:\/\/www.diarioimagen.net\/?p=617004"},"modified":"2024-04-22T01:02:03","modified_gmt":"2024-04-22T07:02:03","slug":"pese-a-imposiciones-no-dejare-las-filas-del-pri-dice-el-diputado-david-parra-sanchez","status":"publish","type":"post","link":"https:\/\/www.diarioimagen.net\/?p=617004","title":{"rendered":"Pese a imposiciones, no dejar\u00e9 las filas del PRI, dice el diputado David Parra S\u00e1nchez"},"content":{"rendered":"<p>&nbsp;<\/p>\n<ul>\n<li><em><strong>Va en busca de la reelecci\u00f3n<\/strong><\/em><\/li>\n<\/ul>\n<p>&nbsp;<\/p>\n<h6>Arturo Baena<\/h6>\n<p>&nbsp;<\/p>\n<div id=\"attachment_617114\" style=\"width: 470px\" class=\"wp-caption aligncenter\"><a href=\"https:\/\/www.diarioimagen.net\/?attachment_id=617114\" rel=\"attachment wp-att-617114\"><img loading=\"lazy\" decoding=\"async\" aria-describedby=\"caption-attachment-617114\" class=\"size-full wp-image-617114\" src=\"https:\/\/www.diarioimagen.net\/wp-content\/uploads\/2024\/04\/pese-a-imposiciones.jpg\" alt=\"\" width=\"460\" height=\"270\" \/><\/a><p id=\"caption-attachment-617114\" class=\"wp-caption-text\">David Parra S\u00e1nchez denunci\u00f3 los intentos de \u201cenroque\u201d para postularlo en el Distrito local 30 y a Elias Rescala Jim\u00e9nez en el Distrito local 32, ambos en Naucalpan.<\/p><\/div>\n<p>&nbsp;<\/p>\n<p><strong>Naucalpan, Estado de M\u00e9xico.\u2014<\/strong>\u00a0 David Parra S\u00e1nchez, diputado por el Distrito 32 y en busca de reelecci\u00f3n, exigi\u00f3 a la dirigencia estatal del PRI que erradiquen las imposiciones en las designaciones de candidatos al Congreso mexiquense.<\/p>\n<p>En una conferencia de prensa, Parra S\u00e1nchez denunci\u00f3 los intentos de \u201cenroque\u201d para postularlo en el Distrito local 30 y a Elias Rescala Jim\u00e9nez en el Distrito local 32, ambos en Naucalpan, pero uno sin arraigo.<\/p>\n<p>El legislador hizo hincapi\u00e9 en el respeto al Distrito Electoral 32, por el cual fue electo con una diferencia de m\u00e1s de 9 mil votos en 2021, aumentando a 20 mil votos en la elecci\u00f3n a gobernador del Edomex en 2024.<\/p>\n<p>Parra S\u00e1nchez espera que la Comisi\u00f3n Nacional de Candidaturas aplique la legalidad en los m\u00e9todos de postulaci\u00f3n de los aspirantes a una curul en el Estado de M\u00e9xico.<\/p>\n<p>En caso de no ser designado conforme a derecho o si el dictamen de procedencia no le favorece, David Parra inform\u00f3 que iniciar\u00e1 una lucha leg\u00edtima tanto por la v\u00eda jur\u00eddica como pol\u00edtica. El diputado expres\u00f3 su gratitud por el respaldo de militantes del tricolor y l\u00edderes sociales del distrito que represent\u00f3, y en caso de una reelecci\u00f3n adversa, llevar\u00e1 a cabo un asamble\u00edsmo informativo en Naucalpan para exponer su postura sobre el proceso interno del PRI.<\/p>\n<p>David Parra enfatiz\u00f3 su historial de lucha, resultados y honestidad, asegurando que no declinar\u00e1 en su prop\u00f3sito de hacer valer y respetar el poder ciudadano y de la militancia.<\/p>\n<p>Cabe mencionar que previo a la conferencia de prensa, David Parra se encontr\u00f3 a un grupo de l\u00edderes sociales de Naucalpan, quienes le manifestaron su total apoyo adem\u00e1s de reiterar su rechazo a imposiciones partidistas.<\/p>\n","protected":false},"excerpt":{"rendered":"<p>David Parra S\u00e1nchez, diputado por el Distrito 32 y en busca de reelecci\u00f3n, exigi\u00f3 a la dirigencia estatal del PRI que erradiquen las imposiciones en las designaciones de candidatos al Congreso mexiquense.<\/p>\n","protected":false},"author":3,"featured_media":617114,"comment_status":"open","ping_status":"open","sticky":false,"template":"","format":"standard","meta":{"_monsterinsights_skip_tracking":false,"_monsterinsights_sitenote_active":false,"_monsterinsights_sitenote_note":"","_monsterinsights_sitenote_category":0,"footnotes":""},"categories":[5],"tags":[29035,43675,970,362],"class_list":["post-617004","post","type-post","status-publish","format-standard","has-post-thumbnail","hentry","category-estado-de-mexico","tag-david-parra-sanchez","tag-estado-de-mexico","tag-naucalpan","tag-pri"],"_links":{"self":[{"href":"https:\/\/www.diarioimagen.net\/index.php?rest_route=\/wp\/v2\/posts\/617004","targetHints":{"allow":["GET"]}}],"collection":[{"href":"https:\/\/www.diarioimagen.net\/index.php?rest_route=\/wp\/v2\/posts"}],"about":[{"href":"https:\/\/www.diarioimagen.net\/index.php?rest_route=\/wp\/v2\/types\/post"}],"author":[{"embeddable":true,"href":"https:\/\/www.diarioimagen.net\/index.php?rest_route=\/wp\/v2\/users\/3"}],"replies":[{"embeddable":true,"href":"https:\/\/www.diarioimagen.net\/index.php?rest_route=%2Fwp%2Fv2%2Fcomments&post=617004"}],"version-history":[{"count":0,"href":"https:\/\/www.diarioimagen.net\/index.php?rest_route=\/wp\/v2\/posts\/617004\/revisions"}],"wp:featuredmedia":[{"embeddable":true,"href":"https:\/\/www.diarioimagen.net\/index.php?rest_route=\/wp\/v2\/media\/617114"}],"wp:attachment":[{"href":"https:\/\/www.diarioimagen.net\/index.php?rest_route=%2Fwp%2Fv2%2Fmedia&parent=617004"}],"wp:term":[{"taxonomy":"category","embeddable":true,"href":"https:\/\/www.diarioimagen.net\/index.php?rest_route=%2Fwp%2Fv2%2Fcategories&post=617004"},{"taxonomy":"post_tag","embeddable":true,"href":"https:\/\/www.diarioimagen.net\/index.php?rest_route=%2Fwp%2Fv2%2Ftags&post=617004"}],"curies":[{"name":"wp","href":"https:\/\/api.w.org\/{rel}","templated":true}]}}