{"id":617005,"date":"2024-04-22T00:02:24","date_gmt":"2024-04-22T06:02:24","guid":{"rendered":"https:\/\/www.diarioimagen.net\/?p=617005"},"modified":"2024-04-22T01:02:38","modified_gmt":"2024-04-22T07:02:38","slug":"otorga-el-cabildo-de-nicolas-romero-licencia-al-alcalde-armando-navarrete-lopez","status":"publish","type":"post","link":"https:\/\/www.diarioimagen.net\/?p=617005","title":{"rendered":"Otorga el Cabildo de Nicol\u00e1s Romero licencia al alcalde Armando Navarrete L\u00f3pez"},"content":{"rendered":"<p>&nbsp;<\/p>\n<ul>\n<li><em><strong>Quiere ser diputado<\/strong><\/em><\/li>\n<\/ul>\n<p>&nbsp;<\/p>\n<div id=\"attachment_617116\" style=\"width: 470px\" class=\"wp-caption aligncenter\"><a href=\"https:\/\/www.diarioimagen.net\/?attachment_id=617116\" rel=\"attachment wp-att-617116\"><img loading=\"lazy\" decoding=\"async\" aria-describedby=\"caption-attachment-617116\" class=\"size-full wp-image-617116\" src=\"https:\/\/www.diarioimagen.net\/wp-content\/uploads\/2024\/04\/otorga-cabildo.jpg\" alt=\"\" width=\"460\" height=\"270\" \/><\/a><p id=\"caption-attachment-617116\" class=\"wp-caption-text\">El cuerpo edilicio de Nicol\u00e1s Romero aprob\u00f3 otorgar licencia temporal sin goce de sueldo al alcalde Armando Navarrete L\u00f3pez. Tambi\u00e9n nombr\u00f3 a Rosario Cruz Salinas como alcaldesa por Ministerio de Ley.<\/p><\/div>\n<p>&nbsp;<\/p>\n<p><strong>Nicol\u00e1s Romero, Estado de M\u00e9xico.\u2014<\/strong> Durante la Cuadrag\u00e9sima Novena Sesi\u00f3n Extraordinaria de Cabildo, los ediles aprobaron de forma un\u00e1nime, otorgar licencia temporal sin goce de sueldo al alcalde, Armando Navarrete L\u00f3pez, para separarse temporalmente de su cargo, con t\u00e9rmino al 3 de junio.<\/p>\n<p>Durante el mismo acto, los miembros del cuerpo colegiado, a propuesta del presidente municipal, determinaron por mayor\u00eda nombrar a la cuarta regidora suplente, Rosario Cruz Salinas, como alcaldesa por Ministerio de Ley, quien se comprometi\u00f3 a trabajar por el bien de los habitantes de Nicol\u00e1s Romero.<\/p>\n<p>Previamente, Navarrete L\u00f3pez, tom\u00f3 la protesta de ley a la s\u00e9ptima regidora suplente, Andrea Cecilia S\u00e1nchez Flores, a quien sus compa\u00f1eros del cabildo dieron la m\u00e1s cordial bienvenida y se concedi\u00f3 licencia temporal sin goce de sueldo, con t\u00e9rmino al 10 de junio, al tercer regidor, Jonathan Rosas Garc\u00eda.<\/p>\n<p>Asimismo, los ediles avalaron tambi\u00e9n autorizar a la Tesorer\u00eda Municipal para beneficiar a los contribuyentes con una bonificaci\u00f3n de 100 por ciento en recargos y accesorios, correspondientes al impuesto sobre la adquisici\u00f3n de inmuebles.<\/p>\n<p>Finalmente, los integrantes del cabildo aclararon que este apoyo en bien de la econom\u00eda de las familias, tendr\u00e1 una cuota de recuperaci\u00f3n de 88 pesos, para sufragar gastos de papeler\u00eda derivados de ese tipo de tr\u00e1mites.<\/p>\n","protected":false},"excerpt":{"rendered":"<p>Durante la Cuadrag\u00e9sima Novena Sesi\u00f3n Extraordinaria de Cabildo, los ediles aprobaron de forma un\u00e1nime, otorgar licencia temporal sin goce de sueldo al alcalde, Armando Navarrete L\u00f3pez, para separarse temporalmente de su cargo, con t\u00e9rmino al 3 de junio.<\/p>\n","protected":false},"author":3,"featured_media":617116,"comment_status":"open","ping_status":"open","sticky":false,"template":"","format":"standard","meta":{"_monsterinsights_skip_tracking":false,"_monsterinsights_sitenote_active":false,"_monsterinsights_sitenote_note":"","_monsterinsights_sitenote_category":0,"footnotes":""},"categories":[5],"tags":[81431,3191],"class_list":["post-617005","post","type-post","status-publish","format-standard","has-post-thumbnail","hentry","category-estado-de-mexico","tag-armando-navarrete-lopez","tag-licencia"],"_links":{"self":[{"href":"https:\/\/www.diarioimagen.net\/index.php?rest_route=\/wp\/v2\/posts\/617005","targetHints":{"allow":["GET"]}}],"collection":[{"href":"https:\/\/www.diarioimagen.net\/index.php?rest_route=\/wp\/v2\/posts"}],"about":[{"href":"https:\/\/www.diarioimagen.net\/index.php?rest_route=\/wp\/v2\/types\/post"}],"author":[{"embeddable":true,"href":"https:\/\/www.diarioimagen.net\/index.php?rest_route=\/wp\/v2\/users\/3"}],"replies":[{"embeddable":true,"href":"https:\/\/www.diarioimagen.net\/index.php?rest_route=%2Fwp%2Fv2%2Fcomments&post=617005"}],"version-history":[{"count":0,"href":"https:\/\/www.diarioimagen.net\/index.php?rest_route=\/wp\/v2\/posts\/617005\/revisions"}],"wp:featuredmedia":[{"embeddable":true,"href":"https:\/\/www.diarioimagen.net\/index.php?rest_route=\/wp\/v2\/media\/617116"}],"wp:attachment":[{"href":"https:\/\/www.diarioimagen.net\/index.php?rest_route=%2Fwp%2Fv2%2Fmedia&parent=617005"}],"wp:term":[{"taxonomy":"category","embeddable":true,"href":"https:\/\/www.diarioimagen.net\/index.php?rest_route=%2Fwp%2Fv2%2Fcategories&post=617005"},{"taxonomy":"post_tag","embeddable":true,"href":"https:\/\/www.diarioimagen.net\/index.php?rest_route=%2Fwp%2Fv2%2Ftags&post=617005"}],"curies":[{"name":"wp","href":"https:\/\/api.w.org\/{rel}","templated":true}]}}