{"id":617010,"date":"2024-04-22T00:03:08","date_gmt":"2024-04-22T06:03:08","guid":{"rendered":"https:\/\/www.diarioimagen.net\/?p=617010"},"modified":"2024-04-22T01:05:57","modified_gmt":"2024-04-22T07:05:57","slug":"eruviel-avila-manifiesta-su-apoyo-a-indalecio-rios-velazquez-para-ecatepec","status":"publish","type":"post","link":"https:\/\/www.diarioimagen.net\/?p=617010","title":{"rendered":"Eruviel \u00c1vila manifiesta su apoyo a Indalecio R\u00edos Vel\u00e1zquez para Ecatepec"},"content":{"rendered":"<p>&nbsp;<\/p>\n<p><a href=\"https:\/\/www.diarioimagen.net\/?attachment_id=617118\" rel=\"attachment wp-att-617118\"><img loading=\"lazy\" decoding=\"async\" class=\"aligncenter size-full wp-image-617118\" src=\"https:\/\/www.diarioimagen.net\/wp-content\/uploads\/2024\/04\/eruviel-avila.jpg\" alt=\"\" width=\"460\" height=\"270\" \/><\/a><\/p>\n<p>&nbsp;<\/p>\n<p>El ex gobernador mexiquense Eruviel \u00c1vila Villegas manifest\u00f3 p\u00fablicamente su respaldo a Indalecio R\u00edos Vel\u00e1zquez, quien ser\u00e1 el candidato del Partido Verde Estado de M\u00e9xico a la Presidencia Municipal de Ecatepec.<\/p>\n<p>\u201cSi alguien conoce #Ecatepec y sabe dar resultados, eres t\u00fa. Todo mi apoyo para ti como candidato del PVEM a Presidente Municipal. Vamos a hacer un gran equipo para trabajar por la gente\u201d, expres\u00f3 \u00c1vila Villegas. Actualmente, se observa un panorama complejo para el partido en el poder con una gran divisi\u00f3n interna.<\/p>\n<p>&nbsp;<\/p>\n","protected":false},"excerpt":{"rendered":"<p>El ex gobernador mexiquense Eruviel \u00c1vila Villegas manifest\u00f3 p\u00fablicamente su respaldo a Indalecio R\u00edos Vel\u00e1zquez, quien ser\u00e1 el candidato del Partido Verde Estado de M\u00e9xico a la Presidencia Municipal de Ecatepec.<\/p>\n","protected":false},"author":3,"featured_media":617118,"comment_status":"open","ping_status":"open","sticky":false,"template":"","format":"standard","meta":{"_monsterinsights_skip_tracking":false,"_monsterinsights_sitenote_active":false,"_monsterinsights_sitenote_note":"","_monsterinsights_sitenote_category":0,"footnotes":""},"categories":[5],"tags":[5828,47164,85458],"class_list":["post-617010","post","type-post","status-publish","format-standard","has-post-thumbnail","hentry","category-estado-de-mexico","tag-eruviel-avila-villegas","tag-indalecio-rios-velazquez","tag-respaldo"],"_links":{"self":[{"href":"https:\/\/www.diarioimagen.net\/index.php?rest_route=\/wp\/v2\/posts\/617010","targetHints":{"allow":["GET"]}}],"collection":[{"href":"https:\/\/www.diarioimagen.net\/index.php?rest_route=\/wp\/v2\/posts"}],"about":[{"href":"https:\/\/www.diarioimagen.net\/index.php?rest_route=\/wp\/v2\/types\/post"}],"author":[{"embeddable":true,"href":"https:\/\/www.diarioimagen.net\/index.php?rest_route=\/wp\/v2\/users\/3"}],"replies":[{"embeddable":true,"href":"https:\/\/www.diarioimagen.net\/index.php?rest_route=%2Fwp%2Fv2%2Fcomments&post=617010"}],"version-history":[{"count":0,"href":"https:\/\/www.diarioimagen.net\/index.php?rest_route=\/wp\/v2\/posts\/617010\/revisions"}],"wp:featuredmedia":[{"embeddable":true,"href":"https:\/\/www.diarioimagen.net\/index.php?rest_route=\/wp\/v2\/media\/617118"}],"wp:attachment":[{"href":"https:\/\/www.diarioimagen.net\/index.php?rest_route=%2Fwp%2Fv2%2Fmedia&parent=617010"}],"wp:term":[{"taxonomy":"category","embeddable":true,"href":"https:\/\/www.diarioimagen.net\/index.php?rest_route=%2Fwp%2Fv2%2Fcategories&post=617010"},{"taxonomy":"post_tag","embeddable":true,"href":"https:\/\/www.diarioimagen.net\/index.php?rest_route=%2Fwp%2Fv2%2Ftags&post=617010"}],"curies":[{"name":"wp","href":"https:\/\/api.w.org\/{rel}","templated":true}]}}